{"id":14544,"date":"2023-08-21T13:47:26","date_gmt":"2023-08-21T11:47:26","guid":{"rendered":"https:\/\/indeks.mk\/?p=14544"},"modified":"2023-08-21T13:47:26","modified_gmt":"2023-08-21T11:47:26","slug":"nena-e-djalit-qe-kreu-vrasjet-ne-shkollen-e-beogradit-kerkon-qe-ai-te-vazhdoje-shkollimin-ka-shkruar-edhe-nje-leter","status":"publish","type":"post","link":"https:\/\/indeks.bilten.mk\/?p=14544","title":{"rendered":"N\u00ebna e djalit q\u00eb kreu vrasjet n\u00eb shkoll\u00ebn e Beogradit k\u00ebrkon q\u00eb ai t\u00eb vazhdoj\u00eb shkollimin, ka shkruar edhe nj\u00eb let\u00ebr"},"content":{"rendered":"<p>N\u00ebna e djalit vras\u00ebs nga shkolla fillore \u201cVladislav Ribnikar\u201d n\u00eb Beograd iu drejtua institucioneve me k\u00ebrkes\u00eb p\u00ebr zgjidhjen e \u00e7\u00ebshtjes s\u00eb shkollimit t\u00eb m\u00ebtutjesh\u00ebm t\u00eb dy f\u00ebmij\u00ebve t\u00eb saj. N\u00ebna e Kosta K. n\u00eb let\u00ebr nuk e p\u00ebrmend me asnj\u00eb fjal\u00eb masakr\u00ebn n\u00eb \u201cRibnikar\u201d, por apelon p\u00ebr ndihm\u00eb duke th\u00ebn\u00eb se situata n\u00eb t\u00eb cil\u00ebn ndodhet familja e saj \u00ebsht\u00eb komplekse, m\u00ebson Blic.<\/p>\n<p>N\u00eb nj\u00eb let\u00ebr q\u00eb, sipas Blic, \u00ebsht\u00eb shum\u00eb e shkurt\u00ebr, n\u00ebna e djalit q\u00eb vrau n\u00ebnt\u00eb student\u00eb dhe nj\u00eb roje, thekson se \u201c\u00e7\u00ebshtja e arsimit fillor t\u00eb detyruesh\u00ebm p\u00ebr f\u00ebmij\u00ebt e saj \u00ebsht\u00eb e hapur\u201d. Ajo thekson se vajza e saj e vog\u00ebl, e cila ka ndjekur t\u00eb nj\u00ebjt\u00ebn shkoll\u00eb me Kosta.K, nuk mund t\u00eb vazhdoj\u00eb shkollimin n\u00eb Ribnikar dhe djali i saj ndodhet n\u00eb Klinik\u00ebn p\u00ebr Neurologji dhe Psikiatri p\u00ebr F\u00ebmij\u00eb dhe t\u00eb Rinj. K\u00ebrkes\u00ebn e ka d\u00ebrguar n\u00ebna e djalit vras\u00ebs pak dit\u00eb m\u00eb par\u00eb.<\/p>\n<p>Sipas Blic, djali vras\u00ebs nuk do t\u00eb lirohet nga Klinika dhe shkollimi i tij i m\u00ebtutjesh\u00ebm do t\u00eb b\u00ebhet sipas rregullores. Meqen\u00ebse arsimi fillor n\u00eb Serbi \u00ebsht\u00eb i detyruesh\u00ebm me ligj, m\u00ebsimet individuale do t\u00eb ndiqen online, sipas kushteve p\u00ebr f\u00ebmij\u00ebt e shtruar n\u00eb spital.<\/p>\n<p>Gjat\u00eb jav\u00ebs duhet t\u00eb dihet n\u00ebse do t\u00eb ket\u00eb ndryshime t\u00eb caktuara, si dhe cili do t\u00eb jet\u00eb sakt\u00ebsisht modeli i shkollimit t\u00eb djalit q\u00eb vrau n\u00ebnt\u00eb bashk\u00ebmoshatar\u00ebt e tij dhe nj\u00eb roje sigurie.<\/p>\n<p><strong>Kosta ka treguar se si ka q\u00eblluar me t\u00eb atin<\/strong><\/p>\n<p>P\u00ebr kujtes\u00eb, Kosta K. u mor n\u00eb pyetje nga Prokuroria e Lart\u00eb Publike n\u00eb Beograd n\u00eb korrik. Si\u00e7 m\u00ebsoi Telegraf.rs nga burimi i hetimit, Kosta ka treguar se babai i tij e ka v\u00ebn\u00eb arm\u00ebn n\u00eb duar n\u00eb poligonin e qitjes ku ka praktikuar tre her\u00eb t\u00eb sht\u00ebnat me t\u00eb.<\/p>\n<p>\u201cI dyshuari ka deklaruar se babai i tij ia ka v\u00ebn\u00eb arm\u00ebn n\u00eb duar, pra jo instruktori, por babai i tij. Babai i ka sjell\u00eb dy arm\u00ebt dhe e ka \u00e7uar djalin e tij n\u00eb poligonin e qitjes. Pastaj i ka th\u00ebn\u00eb instruktorit se po e trajnon t\u00eb gjuaj\u00eb me dy arm\u00ebt e tij. Babai posa\u00e7\u00ebrisht ka k\u00ebrkuar, ka iniciuar, q\u00eb f\u00ebmija i tij t\u00eb m\u00ebsoj\u00eb t\u00eb gjuaj\u00eb me sakt\u00ebsi. Pra, i ka mund\u00ebsuar t\u00eb st\u00ebrvitet me pistoleta\u201d, tha bashk\u00ebbiseduesi i Telegraf Serbia.<\/p>\n<p>Kosta Ke\u00e7manoviq ka treguar edhe se si ka hyr\u00eb me arm\u00eb n\u00eb kasafort\u00ebn e babait t\u00eb tij.<\/p>\n<p>\u201cN\u00eb seanc\u00ebn e djeshme, djali i dyshuar p\u00ebr masakr\u00ebn n\u00eb Ribnikar ka p\u00ebrshkruar n\u00eb detaje se si ka thyer kodin e kasafort\u00ebs ku i ka mbajtur arm\u00ebt babai i tij Vladimir Ke\u00e7manoviq. Kasaforta ka tre numra. Si\u00e7 ka deklaruar ai (djali) ka gjetur numri i vendosur tashm\u00eb n\u00eb dy t\u00eb par\u00ebt p\u00ebr shembull, n\u00ebse kodi ishte 687, dy numrat e par\u00eb, pra 6 dhe 8, ishin vendosur tashm\u00eb n\u00eb at\u00eb m\u00ebnyr\u00eb, dhe i treti, p\u00ebr shembull, kishte numrin 5, dhe ai u kthye n\u00eb 6 , m\u00eb pas n\u00eb 7 dhe \u2018thik\u00eb\u2019. Sipas deklarat\u00ebs s\u00eb bashk\u00ebbiseduesit ton\u00eb nga hetimi, kasafort\u00ebn e ka hapur shum\u00eb leht\u00eb dhe besohet se babai \u00ebsht\u00eb p\u00ebrgjegj\u00ebs, pra fajtor pasi nuk ka siguruar mjaftuesh\u00ebm vendin ku ka i mban arm\u00ebt\u201d, ka th\u00ebn\u00eb p\u00ebr Telegraf.<\/p>\n","protected":false},"excerpt":{"rendered":"<p>N\u00ebna e djalit vras\u00ebs nga shkolla fillore \u201cVladislav Ribnikar\u201d n\u00eb Beograd iu drejtua institucioneve me k\u00ebrkes\u00eb p\u00ebr zgjidhjen e \u00e7\u00ebshtjes s\u00eb shkollimit t\u00eb m\u00ebtutjesh\u00ebm t\u00eb<\/p>\n","protected":false},"author":14,"featured_media":0,"comment_status":"open","ping_status":"open","sticky":false,"template":"","format":"standard","meta":{"footnotes":""},"categories":[45],"tags":[],"class_list":["post-14544","post","type-post","status-publish","format-standard","hentry","category-rajoni"],"_links":{"self":[{"href":"https:\/\/indeks.bilten.mk\/index.php?rest_route=\/wp\/v2\/posts\/14544","targetHints":{"allow":["GET"]}}],"collection":[{"href":"https:\/\/indeks.bilten.mk\/index.php?rest_route=\/wp\/v2\/posts"}],"about":[{"href":"https:\/\/indeks.bilten.mk\/index.php?rest_route=\/wp\/v2\/types\/post"}],"author":[{"embeddable":true,"href":"https:\/\/indeks.bilten.mk\/index.php?rest_route=\/wp\/v2\/users\/14"}],"replies":[{"embeddable":true,"href":"https:\/\/indeks.bilten.mk\/index.php?rest_route=%2Fwp%2Fv2%2Fcomments&post=14544"}],"version-history":[{"count":0,"href":"https:\/\/indeks.bilten.mk\/index.php?rest_route=\/wp\/v2\/posts\/14544\/revisions"}],"wp:attachment":[{"href":"https:\/\/indeks.bilten.mk\/index.php?rest_route=%2Fwp%2Fv2%2Fmedia&parent=14544"}],"wp:term":[{"taxonomy":"category","embeddable":true,"href":"https:\/\/indeks.bilten.mk\/index.php?rest_route=%2Fwp%2Fv2%2Fcategories&post=14544"},{"taxonomy":"post_tag","embeddable":true,"href":"https:\/\/indeks.bilten.mk\/index.php?rest_route=%2Fwp%2Fv2%2Ftags&post=14544"}],"curies":[{"name":"wp","href":"https:\/\/api.w.org\/{rel}","templated":true}]}}