{"id":14553,"date":"2023-08-21T14:05:26","date_gmt":"2023-08-21T12:05:26","guid":{"rendered":"https:\/\/indeks.mk\/?p=14553"},"modified":"2023-08-21T14:10:09","modified_gmt":"2023-08-21T12:10:09","slug":"xhaferi-kohen-per-vazhdimin-e-seances-se-nderprere-e-cakton-kryetari-i-kuvendit-jo-deputetet-ne-konferenca-per-shtyp-dhe-ne-facebook","status":"publish","type":"post","link":"https:\/\/indeks.bilten.mk\/?p=14553","title":{"rendered":"Xhaferi: Koh\u00ebn p\u00ebr vazhdimin e seanc\u00ebs s\u00eb nd\u00ebrprer\u00eb e cakton kryetari i Kuvendit, jo deputet\u00ebt n\u00eb konferenca p\u00ebr shtyp dhe n\u00eb Facebook"},"content":{"rendered":"<p>Kryetari i Kuvendit t\u00eb RMV-s\u00eb, Talat Xhaferi thot\u00eb se n\u00eb seanc\u00ebn p\u00ebr votimin e nevoj\u00ebs p\u00ebr miratimin e ndryshimeve kushtetuese nuk \u00ebsht\u00eb thirrur n\u00eb nenin 165 t\u00eb Rregullores s\u00eb Kuvendit.<\/p>\n<div class=\"code-block code-block-43 code-block-pas-paragrafit-2t-inarticle\">\n<div>\n<div class=\"code-block-label\">Xhaferi thot\u00eb se p\u00ebr k\u00ebt\u00eb seanc\u00eb \u00ebsht\u00eb thirrur n\u00eb nenin 81 t\u00eb Rregullores, q\u00eb Xhaferi thot\u00eb se i jep t\u00eb drejt\u00ebn atij t\u00eb vendos se kur do t\u00eb mbyll seanc\u00ebn.<\/div>\n<\/div>\n<\/div>\n<p>\u201cN\u00eb baz\u00eb t\u00eb nenit 81 t\u00eb Rregullores s\u00eb Kuvendit t\u00eb RMV-s\u00eb, paragrafi 1 i s\u00eb nj\u00ebjt\u00ebs kam nd\u00ebrprer\u00eb punimet e seanc\u00ebs mbas konstatimit t\u00eb apsolvimit t\u00eb list\u00ebs s\u00eb deputet\u00ebve t\u00eb paraqitur p\u00ebr fjal\u00eb p\u00ebr diskutim p\u00ebr pik\u00ebn p\u00ebrkat\u00ebse\u201d, tha Xhaferi.<\/p>\n<p>Xhaferi tha se gjithashtu sipas k\u00ebsaj rregullore, respektivisht paragrafit 5, ai vendos se kur do t\u00eb vazhdoj\u00eb seanca e nj\u00ebjt\u00eb, respektivisht seanca 123.<\/p>\n<div class=\"ai-viewport-1\" data-insertion-position=\"prepend\" data-selector=\".ai-insert-1-69372511\" data-insertion-no-dbg=\"\" data-code=\"PGRpdiBjbGFzcz0nY29kZS1ibG9jayBjb2RlLWJsb2NrLTEgY29kZS1ibG9jay1pbmFydGljbGUtZGVza3RvcCcgc3R5bGU9J21hcmdpbjogOHB4IGF1dG87IHRleHQtYWxpZ246IGNlbnRlcjsgZGlzcGxheTogYmxvY2s7IGNsZWFyOiBib3RoOyB3aWR0aDogMzAwcHg7IGhlaWdodDogNDIwcHg7IGJhY2tncm91bmQtY29sb3I6ICNmZmZmZmY7Jz4KPGRpdiBzdHlsZT0icG9zaXRpb246IHN0aWNreTsgdG9wOiAxNXB4OyI+CjxkaXYgY2xhc3M9ImNvZGUtYmxvY2stbGFiZWwiPlJla2xhbWE8L2Rpdj4KPCEtLSBHUFQgQWRTbG90IDE3IGZvciBBZCB1bml0ICdJbi1hcnRpY2xlX2JveF8yJyAjIyMgU2l6ZTogW1szMDAsMjUwXSxbMSwxXV0gLS0+CjxkaXYgaWQ9J2luYXJ0aWNsZTInPgogIDxzY3JpcHQ+CiAgICBnb29nbGV0YWcuY21kLnB1c2goZnVuY3Rpb24oKSB7IGdvb2dsZXRhZy5kaXNwbGF5KCdpbmFydGljbGUyJyk7IH0pOwogIDwvc2NyaXB0Pgo8L2Rpdj4KPCEtLSBFbmQgQWRTbG90IDE3IC0tPgo8L2Rpdj4KPGRpdiBzdHlsZT0iIGhlaWdodDogMzkwcHg7Ij48L2Rpdj4KPC9kaXY+Cg==\" data-block=\"1\">\n<div class=\"code-block code-block-1 code-block-inarticle-desktop\">\n<div>\n<div id=\"inarticle2\" data-google-query-id=\"CO3d-c3a7YADFR2f_QcdOH4PTQ\">\n<div id=\"google_ads_iframe_\/22646657118\/In-article_box_2_0__container__\">\u201cKoh\u00ebn p\u00ebr vazhdimin e seanc\u00ebs s\u00eb nd\u00ebrprer\u00eb, e cakton kryetari i Kuvendit, jo deputet\u00ebt n\u00eb konferenca p\u00ebr shtyp dhe n\u00eb Facebook, sikur se thirren\u201d, tha Xhaferi duke cituar paragrafin 5 t\u00eb nenit 81 t\u00eb Rregullores.<\/div>\n<\/div>\n<\/div>\n<\/div>\n<\/div>\n","protected":false},"excerpt":{"rendered":"<p>Kryetari i Kuvendit t\u00eb RMV-s\u00eb, Talat Xhaferi thot\u00eb se n\u00eb seanc\u00ebn p\u00ebr votimin e nevoj\u00ebs p\u00ebr miratimin e ndryshimeve kushtetuese nuk \u00ebsht\u00eb thirrur n\u00eb nenin<\/p>\n","protected":false},"author":14,"featured_media":0,"comment_status":"open","ping_status":"open","sticky":false,"template":"","format":"standard","meta":{"footnotes":""},"categories":[44],"tags":[],"class_list":["post-14553","post","type-post","status-publish","format-standard","hentry","category-maqedoni"],"_links":{"self":[{"href":"https:\/\/indeks.bilten.mk\/index.php?rest_route=\/wp\/v2\/posts\/14553","targetHints":{"allow":["GET"]}}],"collection":[{"href":"https:\/\/indeks.bilten.mk\/index.php?rest_route=\/wp\/v2\/posts"}],"about":[{"href":"https:\/\/indeks.bilten.mk\/index.php?rest_route=\/wp\/v2\/types\/post"}],"author":[{"embeddable":true,"href":"https:\/\/indeks.bilten.mk\/index.php?rest_route=\/wp\/v2\/users\/14"}],"replies":[{"embeddable":true,"href":"https:\/\/indeks.bilten.mk\/index.php?rest_route=%2Fwp%2Fv2%2Fcomments&post=14553"}],"version-history":[{"count":0,"href":"https:\/\/indeks.bilten.mk\/index.php?rest_route=\/wp\/v2\/posts\/14553\/revisions"}],"wp:attachment":[{"href":"https:\/\/indeks.bilten.mk\/index.php?rest_route=%2Fwp%2Fv2%2Fmedia&parent=14553"}],"wp:term":[{"taxonomy":"category","embeddable":true,"href":"https:\/\/indeks.bilten.mk\/index.php?rest_route=%2Fwp%2Fv2%2Fcategories&post=14553"},{"taxonomy":"post_tag","embeddable":true,"href":"https:\/\/indeks.bilten.mk\/index.php?rest_route=%2Fwp%2Fv2%2Ftags&post=14553"}],"curies":[{"name":"wp","href":"https:\/\/api.w.org\/{rel}","templated":true}]}}