{"id":14594,"date":"2023-08-22T08:56:41","date_gmt":"2023-08-22T06:56:41","guid":{"rendered":"https:\/\/indeks.mk\/?p=14594"},"modified":"2023-08-22T08:56:52","modified_gmt":"2023-08-22T06:56:52","slug":"kercenimi-per-njohjen-e-kosoves-mali-i-zi-shqiperia-dhe-maqedonia-e-veriut-godasin-serbine","status":"publish","type":"post","link":"https:\/\/indeks.bilten.mk\/?p=14594","title":{"rendered":"K\u00ebrc\u00ebnimi p\u00ebr njohjen e Kosov\u00ebs: Mali i Zi, Shqip\u00ebria dhe Maqedonia e Veriut \u201cgodasin\u201d Serbin\u00eb"},"content":{"rendered":"<p>\u201cKeni b\u00ebr\u00eb nj\u00eb gabim q\u00eb t\u2019u bjer\u00eb kok\u00ebs, ashtu si\u00e7 u godit Ukraina. Ju keni hapur kutin\u00eb e Pandor\u00ebs\u201d.<\/p>\n<p>K\u00ebto ishin deklaratat e Ministrit t\u00eb Mbrojtjes t\u00eb Serbis\u00eb, Milosh Vu\u00e7eviq, i cili dit\u00eb m\u00eb par\u00eb n\u00eb nj\u00eb televizion n\u00eb Beograd, k\u00ebrc\u00ebnoi Malin e Zi dhe Maqedonin\u00eb e Veriut lidhur me njohjen e pavar\u00ebsis\u00eb s\u00eb Kosov\u00ebs.<\/p>\n<p>Ai tha se \u201cka nj\u00eb mb\u00ebshtetje t\u00eb madhe nd\u00ebrkomb\u00ebtare p\u00ebr krijimin e Shqip\u00ebris\u00eb s\u00eb Madhe, duke shtuar se kjo nuk \u00ebsht\u00eb \u00e7\u00ebshtje vet\u00ebm e Serbis\u00eb, por edhe e fqinj\u00ebve t\u00eb saj\u201d.<\/p>\n<p>Ndaj k\u00ebtyre pretendimeve t\u00eb zyrtarit t\u00eb lart\u00eb t\u00eb qeveris\u00eb s\u00eb Serbis\u00eb kan\u00eb reaguar ashp\u00ebr Mali i Zi, Maqedonia e Veriut dhe Shqip\u00ebria.<\/p>\n<p>Presidenti i Malit t\u00eb Zi Jakov Milatovi\u00e7 e konsideroi \u201ct\u00eb\u00a0papranueshme \u00e7do p\u00ebrpjekje nga aktor\u00eb t\u00eb huaj (qofshin nga rajoni apo pjes\u00eb t\u00eb tjera t\u00eb bot\u00ebs) sikurse tha ai, p\u00ebr t\u00eb nd\u00ebrhyr\u00eb drejtp\u00ebrdrejt ose t\u00ebrthorazi n\u00eb krijimin e qeveris\u00eb n\u00eb Mal t\u00eb Zi\u201d.<\/p>\n<p>Ai tha se legjilatura e 28-t\u00eb e Kuvendit \u00ebsht\u00eb pasqyr\u00eb e vullnetit t\u00eb qytetar\u00ebve t\u00eb Malit t\u00eb Zi, t\u00eb cil\u00ebt sipas Kushtetut\u00ebs jan\u00eb mbart\u00ebs t\u00eb sovranitetit.<\/p>\n<p>Edhe deputeti dhe an\u00ebtari i Kryesis\u00eb s\u00eb Partis\u00eb Demokratike t\u00eb Socialist\u00ebve t\u00eb ish-presidentit Milo Gjukanovi\u00e7, Andrija Nikoli\u00e7 tha se zoti Vu\u00e7evi\u00e7 po i bie daulleve t\u00eb luft\u00ebs me q\u00ebllim t\u00eb destabilizimit t\u00eb rajonit.<\/p>\n<p>I ashp\u00ebr ndaj k\u00ebtyre deklaratave u tregua nj\u00eb dit\u00eb m\u00eb pas edhe kryeministri i Shqip\u00ebris\u00eb, Edi Rama.<\/p>\n<p>\u201cNuk do t\u00eb lejojm\u00eb ask\u00ebnd q\u00eb t\u00eb na t\u00ebrheq pas n\u00eb t\u00eb shkuar\u00ebn\u2026\u201d \u00cbsht\u00eb ky reagimi i kryeministrit Edi Rama, pas deklaratave t\u00eb b\u00ebra nga ministri serb i Mbrojtjes rreth siguris\u00eb s\u00eb shteteve t\u00eb rajonit.<\/p>\n<p>N\u00eb nj\u00eb postim n\u00eb platform\u00ebn \u201cX\u201d, kreu i qeveris\u00eb shprehet se k\u00ebrc\u00ebnimet ndaj stabilitetit dhe integritetit t\u00eb Maqedonis\u00eb s\u00eb Veriut dhe Malit t\u00eb Zi, jan\u00eb t\u00eb rrezikshme dhe t\u00eb papranueshme.<\/p>\n<p>N\u00eb reagimin e tij, Rama kujton se Shqip\u00ebria, RMV dhe Mali i Zi jan\u00eb aleate t\u00eb NATO-s dhe t\u00eb p\u00ebrkushtuara plot\u00ebsisht ndaj siguris\u00eb dhe integritetit territorial t\u00eb nj\u00ebri-tjetrit.<\/p>\n<p>\u201cK\u00ebrc\u00ebnimet kund\u00ebr stabilitetit dhe integritetit t\u00eb Maqedonis\u00eb s\u00eb Veriut dhe Malit t\u00eb Zi jan\u00eb t\u00eb rrezikshme dhe t\u00eb papranueshme. T\u00eb mos harrojm\u00eb se Shqip\u00ebria, Maqedonia e Veriut dhe Mali i Zi jan\u00eb aleat\u00eb t\u00eb NATO-s plot\u00ebsisht t\u00eb p\u00ebrkushtuar ndaj siguris\u00eb dhe integritetit territorial t\u00eb nj\u00ebri-tjetrit. Ne kemi arritur n\u00eb dekad\u00ebn e fundit n\u00eb k\u00ebt\u00eb rajon at\u00eb q\u00eb askush nuk mund ta imagjinonte n\u00eb dekada t\u00eb pafundme m\u00eb par\u00eb dhe nuk mund dhe nuk do t\u00eb lejojm\u00eb ask\u00ebnd t\u00eb na t\u00ebrheq\u00eb prapa n\u00eb t\u00eb shkuar\u00ebn q\u00eb po e l\u00ebm\u00eb pas p\u00ebrgjithmon\u00eb! S\u00eb bashku! Evropa e Madhe \u00ebsht\u00eb e ardhmja jon\u00eb e vetme\u201d, ka shkruar Rama n\u00eb platform\u00ebn X.<\/p>\n<p>Nd\u00ebrsa nuk ka munguar edhe reagimi i Maqedonis\u00eb s\u00eb Veriut.<\/p>\n<p>Ministri i Jasht\u00ebm i Maqedonis\u00eb s\u00eb Veriut, Bujar Osmani ka th\u00ebn\u00eb se refuzojn\u00eb k\u00ebrc\u00ebnimet e Serbis\u00eb me hakmarrje ndaj Maqedonis\u00eb s\u00eb Veriut dhe Malit t\u00eb Zi pasi q\u00eb e kan\u00eb njohur Kosov\u00ebn.<\/p>\n<p>Osmani ka shkruar n\u00eb rrjete sociale se presin sqarime nga ministri serb i Mbrojtjes, Millosh Vu\u00e7eviq, i cili ka th\u00ebn\u00eb se \u201cMali i Zi dhe Maqedonia e Veriut e kan\u00eb ofenduar Serbin\u00eb me njohjen e pavar\u00ebsis\u00eb s\u00eb Kosov\u00ebs\u201d, duke theksuar se \u201ckjo paraqet nd\u00ebrhyrje n\u00eb pun\u00ebt e brendshme t\u00eb nj\u00eb vendi dhe duke k\u00ebrc\u00ebnuar me destabilizimin e rajonit\u201d.<\/p>\n<p>\u201cMaqedonia e Veriut refuzon nd\u00ebrhyrjen dhe v\u00ebrejtjet e pap\u00ebrshtatshme nga zyrtar\u00ebt fqinj\u00eb. Ne q\u00ebndrojm\u00eb p\u00ebr stabilitet dhe bashk\u00ebpunim rajonal, duke p\u00ebrfshir\u00eb Serbin\u00eb dhe Kosov\u00ebn. N\u00eb pritje t\u00eb sqarimit nga ministri i Mbrojtjes i Serbis\u00eb\u201d, ka shkruar Osmani.<\/p>\n<p>Edhe kryetarja e Komitetit t\u00eb Helsinkit p\u00ebr Serbin\u00eb, Sonja Biserko tha p\u00ebr mediat malazeze se \u201cnuk duhet n\u00ebnvler\u00ebsuar mund\u00ebsia q\u00eb Serbia mund t\u00eb b\u00ebj\u00eb di\u00e7ka qo do t\u00eb rezultonte n\u00eb nj\u00eb destabilizim t\u00eb m\u00ebtejsh\u00ebm t\u00eb rajoninit\u201d.<\/p>\n<p>Ajo tha se\u00a0\u201cletra e 60 zyrtar\u00ebve evropian\u00eb dhe an\u00ebtar\u00ebve t\u00eb Senatit amerikan mbi nevoj\u00ebn e ndryshimit t\u00eb politik\u00ebs ndaj regjimit n\u00eb Beograd, si dhe shkrimet shum\u00eb kritike n\u00eb mediat per\u00ebndimore, tregojn\u00eb se Vu\u00e7i\u00e7 \u00ebsht\u00eb n\u00ebn nj\u00eb trysni t\u00eb madhe\u201d.<\/p>\n<p>P\u00ebr zonj\u00ebn Biserko, Kremlini nga ana tjet\u00ebr po p\u00ebrforcon retorik\u00ebn ndaj rajonit, ndaj sipas saj nuk duhet l\u00ebn\u00eb jasht\u00eb v\u00ebmendjes propaganda ruse ndaj opinionit publik serb, q\u00eb beson se Rusia po fiton (n\u00eb Ukrain\u00eb) dhe se Serbia duhet t\u00eb mbeshtet tek Moska.\/Telegrafi<\/p>\n","protected":false},"excerpt":{"rendered":"<p>\u201cKeni b\u00ebr\u00eb nj\u00eb gabim q\u00eb t\u2019u bjer\u00eb kok\u00ebs, ashtu si\u00e7 u godit Ukraina. Ju keni hapur kutin\u00eb e Pandor\u00ebs\u201d. K\u00ebto ishin deklaratat e Ministrit t\u00eb<\/p>\n","protected":false},"author":14,"featured_media":0,"comment_status":"open","ping_status":"open","sticky":false,"template":"","format":"standard","meta":{"footnotes":""},"categories":[44,45],"tags":[],"class_list":["post-14594","post","type-post","status-publish","format-standard","hentry","category-maqedoni","category-rajoni"],"_links":{"self":[{"href":"https:\/\/indeks.bilten.mk\/index.php?rest_route=\/wp\/v2\/posts\/14594","targetHints":{"allow":["GET"]}}],"collection":[{"href":"https:\/\/indeks.bilten.mk\/index.php?rest_route=\/wp\/v2\/posts"}],"about":[{"href":"https:\/\/indeks.bilten.mk\/index.php?rest_route=\/wp\/v2\/types\/post"}],"author":[{"embeddable":true,"href":"https:\/\/indeks.bilten.mk\/index.php?rest_route=\/wp\/v2\/users\/14"}],"replies":[{"embeddable":true,"href":"https:\/\/indeks.bilten.mk\/index.php?rest_route=%2Fwp%2Fv2%2Fcomments&post=14594"}],"version-history":[{"count":0,"href":"https:\/\/indeks.bilten.mk\/index.php?rest_route=\/wp\/v2\/posts\/14594\/revisions"}],"wp:attachment":[{"href":"https:\/\/indeks.bilten.mk\/index.php?rest_route=%2Fwp%2Fv2%2Fmedia&parent=14594"}],"wp:term":[{"taxonomy":"category","embeddable":true,"href":"https:\/\/indeks.bilten.mk\/index.php?rest_route=%2Fwp%2Fv2%2Fcategories&post=14594"},{"taxonomy":"post_tag","embeddable":true,"href":"https:\/\/indeks.bilten.mk\/index.php?rest_route=%2Fwp%2Fv2%2Ftags&post=14594"}],"curies":[{"name":"wp","href":"https:\/\/api.w.org\/{rel}","templated":true}]}}