{"id":14607,"date":"2023-08-22T10:28:25","date_gmt":"2023-08-22T08:28:25","guid":{"rendered":"https:\/\/indeks.mk\/?p=14607"},"modified":"2023-08-22T15:21:45","modified_gmt":"2023-08-22T13:21:45","slug":"lsdm-procesi-i-ndryshimeve-kushtetuese-eshte-i-hapur-do-te-sigurohet-shumica-e-nevojshme","status":"publish","type":"post","link":"https:\/\/indeks.bilten.mk\/?p=14607","title":{"rendered":"LSDM: Procesi i ndryshimeve kushtetuese \u00ebsht\u00eb i hapur, do t\u00eb sigurohet shumica e nevojshme"},"content":{"rendered":"<p>Blloku proevropian i udh\u00ebhequr nga LSDM-ja do t\u00eb b\u00ebj\u00eb gjith\u00e7ka p\u00ebr t\u00eb kaluar bllokad\u00ebn e rrug\u00ebs evropiane t\u00eb vendosur nga VMRO-DPMNE dhe Hristijan Mickoski, thuhet n\u00eb kumtes\u00ebn e sotme t\u00eb LSDM-s\u00eb.<\/p>\n<div class=\"code-block code-block-43 code-block-pas-paragrafit-2t-inarticle\">\n<div>\n<div class=\"code-block-label\">\u201cProcesi i ndryshimeve kushtetuese n\u00eb Kuvendin e Maqedonis\u00eb sapo ka filluar. Aktualisht mbi 70 deputet\u00eb e mb\u00ebshtesin, do t\u00eb vazhdojm\u00eb t\u00eb punojm\u00eb p\u00ebr t\u00eb siguruar shumic\u00ebn e nevojshme\u201d, njoftoi paraditen e sotme LSDM n\u00eb pushtet.<\/div>\n<\/div>\n<\/div>\n<p>Nga atje thon\u00eb \u201ce ardhmja e RMV-s\u00eb \u00ebsht\u00eb n\u00eb BE, at\u00eb e d\u00ebshirojn\u00eb 80 p\u00ebr qind e qytetar\u00ebve t\u00eb Maqedonis\u00eb, si dhe nj\u00eb e kat\u00ebrta e votuesve t\u00eb VMRO-DPMNE-s\u00eb.<\/p>\n<p>\u201cP\u00ebrkrahjen p\u00ebr rrug\u00ebn evropiane t\u00eb vendit e kan\u00eb shprehur shum\u00eb p\u00ebrfaq\u00ebsues t\u00eb lart\u00eb evropian\u00eb, nd\u00ebr ta m\u00eb e fundit \u00ebsht\u00eb presidentja e Komisionit Evropian, Ursula Von Der Leyen, e cila mbr\u00ebm\u00eb deklaroi se Maqedonia e Veriut i p\u00ebrket BE-s\u00eb dhe u b\u00ebri thirrje t\u00eb gjitha subjekteve politike n\u00eb vend q\u00eb t\u00eb mb\u00ebshtesin rrug\u00ebn evropiane.<\/p>\n<div class=\"ai-viewport-1\" data-insertion-position=\"prepend\" data-selector=\".ai-insert-1-75816621\" data-insertion-no-dbg=\"\" data-code=\"PGRpdiBjbGFzcz0nY29kZS1ibG9jayBjb2RlLWJsb2NrLTEgY29kZS1ibG9jay1pbmFydGljbGUtZGVza3RvcCcgc3R5bGU9J21hcmdpbjogOHB4IGF1dG87IHRleHQtYWxpZ246IGNlbnRlcjsgZGlzcGxheTogYmxvY2s7IGNsZWFyOiBib3RoOyB3aWR0aDogMzAwcHg7IGhlaWdodDogNDIwcHg7IGJhY2tncm91bmQtY29sb3I6ICNmZmZmZmY7Jz4KPGRpdiBzdHlsZT0icG9zaXRpb246IHN0aWNreTsgdG9wOiAxNXB4OyI+CjxkaXYgY2xhc3M9ImNvZGUtYmxvY2stbGFiZWwiPlJla2xhbWE8L2Rpdj4KPCEtLSBHUFQgQWRTbG90IDE3IGZvciBBZCB1bml0ICdJbi1hcnRpY2xlX2JveF8yJyAjIyMgU2l6ZTogW1szMDAsMjUwXSxbMSwxXV0gLS0+CjxkaXYgaWQ9J2luYXJ0aWNsZTInPgogIDxzY3JpcHQ+CiAgICBnb29nbGV0YWcuY21kLnB1c2goZnVuY3Rpb24oKSB7IGdvb2dsZXRhZy5kaXNwbGF5KCdpbmFydGljbGUyJyk7IH0pOwogIDwvc2NyaXB0Pgo8L2Rpdj4KPCEtLSBFbmQgQWRTbG90IDE3IC0tPgo8L2Rpdj4KPGRpdiBzdHlsZT0iIGhlaWdodDogMzkwcHg7Ij48L2Rpdj4KPC9kaXY+Cg==\" data-block=\"1\">\n<div class=\"code-block code-block-1 code-block-inarticle-desktop\">\n<div>\n<div class=\"code-block-label\">Si\u00e7 e siguroi an\u00ebtar\u00ebsimin n\u00eb NATO, ashtu si\u00e7 siguroi fillimin e negociatave me BE-n\u00eb, ashtu edhe LSDM-ja s\u00eb bashku me bllokun evropian do t\u00eb sigurojn\u00eb an\u00ebtar\u00ebsim n\u00eb BE, me identitet t\u00eb mbrojtur dhe t\u00eb konfirmuar maqedonas, p\u00ebrkund\u00ebr bllokadave nga VMRO-DPMNE dhe E Majta\u201d, thon\u00eb LSDM.<\/div>\n<\/div>\n<\/div>\n<\/div>\n","protected":false},"excerpt":{"rendered":"<p>Blloku proevropian i udh\u00ebhequr nga LSDM-ja do t\u00eb b\u00ebj\u00eb gjith\u00e7ka p\u00ebr t\u00eb kaluar bllokad\u00ebn e rrug\u00ebs evropiane t\u00eb vendosur nga VMRO-DPMNE dhe Hristijan Mickoski, thuhet<\/p>\n","protected":false},"author":14,"featured_media":0,"comment_status":"open","ping_status":"open","sticky":false,"template":"","format":"standard","meta":{"footnotes":""},"categories":[44],"tags":[],"class_list":["post-14607","post","type-post","status-publish","format-standard","hentry","category-maqedoni"],"_links":{"self":[{"href":"https:\/\/indeks.bilten.mk\/index.php?rest_route=\/wp\/v2\/posts\/14607","targetHints":{"allow":["GET"]}}],"collection":[{"href":"https:\/\/indeks.bilten.mk\/index.php?rest_route=\/wp\/v2\/posts"}],"about":[{"href":"https:\/\/indeks.bilten.mk\/index.php?rest_route=\/wp\/v2\/types\/post"}],"author":[{"embeddable":true,"href":"https:\/\/indeks.bilten.mk\/index.php?rest_route=\/wp\/v2\/users\/14"}],"replies":[{"embeddable":true,"href":"https:\/\/indeks.bilten.mk\/index.php?rest_route=%2Fwp%2Fv2%2Fcomments&post=14607"}],"version-history":[{"count":0,"href":"https:\/\/indeks.bilten.mk\/index.php?rest_route=\/wp\/v2\/posts\/14607\/revisions"}],"wp:attachment":[{"href":"https:\/\/indeks.bilten.mk\/index.php?rest_route=%2Fwp%2Fv2%2Fmedia&parent=14607"}],"wp:term":[{"taxonomy":"category","embeddable":true,"href":"https:\/\/indeks.bilten.mk\/index.php?rest_route=%2Fwp%2Fv2%2Fcategories&post=14607"},{"taxonomy":"post_tag","embeddable":true,"href":"https:\/\/indeks.bilten.mk\/index.php?rest_route=%2Fwp%2Fv2%2Ftags&post=14607"}],"curies":[{"name":"wp","href":"https:\/\/api.w.org\/{rel}","templated":true}]}}