{"id":14652,"date":"2023-08-22T14:55:45","date_gmt":"2023-08-22T12:55:45","guid":{"rendered":"https:\/\/indeks.mk\/?p=14652"},"modified":"2023-08-22T14:55:45","modified_gmt":"2023-08-22T12:55:45","slug":"dua-lipa-feston-ditelindjen-babai-i-saj-e-uroi-me-fjale-emocionuese","status":"publish","type":"post","link":"https:\/\/indeks.bilten.mk\/?p=14652","title":{"rendered":"Dua Lipa feston dit\u00eblindjen, babai i saj e uroi me fjal\u00eb emocionuese"},"content":{"rendered":"<p><strong>Dua Lipa sot feston dit\u00eblindjen.<\/strong><\/p>\n<p>K\u00ebng\u00ebtarja shqiptare me fam\u00eb bot\u00ebrore mori nj\u00eb super urim nga babai i saj, Dukagjini, i cili nj\u00ebkoh\u00ebsisht menaxhon vajz\u00ebn e tij p\u00ebr shum\u00eb gj\u00ebra.<\/p>\n<div id=\"kosov-1693796245\" class=\"kosov-mes-artikulli3-300x250\">\n<div id=\"M161593ScriptRootC1283131_00b62\">\n<div id=\"MarketGidComposite1283131_00b62\">\n<div class=\"mgbox\">\n<div class=\"mgheader1283131\"><\/div>\n<div class=\"mgline teaser-16840809 type-w\" data-i=\"slMnu0a9w53d4hWXYq-seRJ5iQjuWP0mz9E6viuMbF2mq88NqymoOF1qGMjJzaYVZWvoyvKu_btjbnSxeVQa2w**\" data-observe-time=\"1077\" data-observe-start=\"1692708893123\" data-observing=\"yes\" data-complete-fired=\"true\" data-shown=\"1\">\n<div class=\"image-with-text\">\n<div class=\"text-elements\">\n<div class=\"text_on_hover\">\n<div class=\"mglbtn\">Ai ka postuar fotografi me yllin duke shkruar: Urime dit\u00eblindjen dashuria ime. Vazhdo t\u00eb shk\u00eblqesh dhe kurr\u00eb mos ndalo t\u00eb jesh e mrekullueshme. T\u00eb dua\u2019.<\/div>\n<\/div>\n<\/div>\n<\/div>\n<\/div>\n<\/div>\n<\/div>\n<\/div>\n<\/div>\n<p>Dua sot \u00ebsht\u00eb nj\u00ebra nd\u00ebr artistet m\u00eb t\u00eb d\u00ebgjuara n\u00eb bot\u00eb duke b\u00ebr\u00eb krenar\u00eb gjith\u00eb shqiptar\u00ebt.<\/p>\n<p>Urime!<\/p>\n<p><img loading=\"lazy\" decoding=\"async\" class=\"alignnone size-full wp-image-491809\" src=\"https:\/\/i0.wp.com\/www.kosovarja-ks.com\/wp-content\/uploads\/2023\/08\/5DC31E6A-B823-4CD5-90AC-9B8FDCA5A3F1.jpeg?resize=1284%2C1559&amp;ssl=1\" sizes=\"auto, (max-width: 1000px) 100vw, 1000px\" srcset=\"https:\/\/i0.wp.com\/www.kosovarja-ks.com\/wp-content\/uploads\/2023\/08\/5DC31E6A-B823-4CD5-90AC-9B8FDCA5A3F1.jpeg?w=1284&amp;ssl=1 1284w, https:\/\/i0.wp.com\/www.kosovarja-ks.com\/wp-content\/uploads\/2023\/08\/5DC31E6A-B823-4CD5-90AC-9B8FDCA5A3F1.jpeg?resize=247%2C300&amp;ssl=1 247w, https:\/\/i0.wp.com\/www.kosovarja-ks.com\/wp-content\/uploads\/2023\/08\/5DC31E6A-B823-4CD5-90AC-9B8FDCA5A3F1.jpeg?resize=843%2C1024&amp;ssl=1 843w, https:\/\/i0.wp.com\/www.kosovarja-ks.com\/wp-content\/uploads\/2023\/08\/5DC31E6A-B823-4CD5-90AC-9B8FDCA5A3F1.jpeg?resize=768%2C932&amp;ssl=1 768w, https:\/\/i0.wp.com\/www.kosovarja-ks.com\/wp-content\/uploads\/2023\/08\/5DC31E6A-B823-4CD5-90AC-9B8FDCA5A3F1.jpeg?resize=1265%2C1536&amp;ssl=1 1265w, https:\/\/i0.wp.com\/www.kosovarja-ks.com\/wp-content\/uploads\/2023\/08\/5DC31E6A-B823-4CD5-90AC-9B8FDCA5A3F1.jpeg?resize=750%2C911&amp;ssl=1 750w, https:\/\/i0.wp.com\/www.kosovarja-ks.com\/wp-content\/uploads\/2023\/08\/5DC31E6A-B823-4CD5-90AC-9B8FDCA5A3F1.jpeg?resize=1140%2C1384&amp;ssl=1 1140w\" alt=\"\" width=\"673\" height=\"818\" data-pin-no-hover=\"true\" \/><\/p>\n","protected":false},"excerpt":{"rendered":"<p>Dua Lipa sot feston dit\u00eblindjen. K\u00ebng\u00ebtarja shqiptare me fam\u00eb bot\u00ebrore mori nj\u00eb super urim nga babai i saj, Dukagjini, i cili nj\u00ebkoh\u00ebsisht menaxhon vajz\u00ebn e<\/p>\n","protected":false},"author":14,"featured_media":0,"comment_status":"open","ping_status":"open","sticky":false,"template":"","format":"standard","meta":{"footnotes":""},"categories":[49],"tags":[],"class_list":["post-14652","post","type-post","status-publish","format-standard","hentry","category-showbiz"],"_links":{"self":[{"href":"https:\/\/indeks.bilten.mk\/index.php?rest_route=\/wp\/v2\/posts\/14652","targetHints":{"allow":["GET"]}}],"collection":[{"href":"https:\/\/indeks.bilten.mk\/index.php?rest_route=\/wp\/v2\/posts"}],"about":[{"href":"https:\/\/indeks.bilten.mk\/index.php?rest_route=\/wp\/v2\/types\/post"}],"author":[{"embeddable":true,"href":"https:\/\/indeks.bilten.mk\/index.php?rest_route=\/wp\/v2\/users\/14"}],"replies":[{"embeddable":true,"href":"https:\/\/indeks.bilten.mk\/index.php?rest_route=%2Fwp%2Fv2%2Fcomments&post=14652"}],"version-history":[{"count":0,"href":"https:\/\/indeks.bilten.mk\/index.php?rest_route=\/wp\/v2\/posts\/14652\/revisions"}],"wp:attachment":[{"href":"https:\/\/indeks.bilten.mk\/index.php?rest_route=%2Fwp%2Fv2%2Fmedia&parent=14652"}],"wp:term":[{"taxonomy":"category","embeddable":true,"href":"https:\/\/indeks.bilten.mk\/index.php?rest_route=%2Fwp%2Fv2%2Fcategories&post=14652"},{"taxonomy":"post_tag","embeddable":true,"href":"https:\/\/indeks.bilten.mk\/index.php?rest_route=%2Fwp%2Fv2%2Ftags&post=14652"}],"curies":[{"name":"wp","href":"https:\/\/api.w.org\/{rel}","templated":true}]}}