{"id":14953,"date":"2023-08-25T12:56:17","date_gmt":"2023-08-25T10:56:17","guid":{"rendered":"https:\/\/indeks.mk\/?p=14953"},"modified":"2023-08-25T12:56:17","modified_gmt":"2023-08-25T10:56:17","slug":"dua-lipa-pozon-topless-per-revisten-vogue-france-foto","status":"publish","type":"post","link":"https:\/\/indeks.bilten.mk\/?p=14953","title":{"rendered":"Dua Lipa pozon topless p\u00ebr revist\u00ebn Vogue France (FOTO)"},"content":{"rendered":"<p><strong>Artistja me fam\u00eb nd\u00ebrkomb\u00ebtare me origjin\u00eb shqiptare, Dua Lipa ka pozuar topless p\u00ebr Vogue France, nd\u00ebrsa ka zhvilluar edhe nj\u00eb intervist\u00eb p\u00ebr Arthur Dreyfus.<\/strong><\/p>\n<p>Dua Lipa, si\u00e7 nuk e keni par\u00eb kurr\u00eb m\u00eb par\u00eb, \u00ebsht\u00eb muza e numrit t\u00eb shtatorit 2023 t\u00eb Vogue France, nd\u00ebrsa fotot e realizuara nga Mert Alas.<\/p>\n<p>Shkrimi i Vogue France p\u00ebr Dua Lip\u00ebn:<\/p>\n<p>Z\u00ebri i fuqish\u00ebm, tep\u00ebr sensual. Pulsi elektrik. Mbret\u00ebresha e figur\u00ebs. Bota nuk mund t\u00eb b\u00ebnte m\u00eb pa Dua Lip\u00ebn. Dhe as moda. Dor\u00eb p\u00ebr dore me Donatell\u00ebn p\u00ebr koleksionin Versace, me xhaketat vinyl dhe minifundet e Nicolas Di Felice, personit t\u00eb talentuar q\u00eb mori p\u00ebrsip\u00ebr sht\u00ebpin\u00eb e Courr\u00e8ges, duke p\u00ebrvet\u00ebsuar popin e gjall\u00eb t\u00eb GCDS nga italiania Giuliano Calza, e paharrueshme me nj\u00eb fustan transparent Jacquemus n\u00eb dasm\u00ebn e stilistit, k\u00ebng\u00ebtarja dhe tashm\u00eb aktore shk\u00eblqen n\u00eb t\u00eb gjitha frontet.<\/p>\n<p>Por, nga Londra n\u00eb Paris ka vet\u00ebm nj\u00eb hap, ose nj\u00eb tren: komentohet se Dua, e cila nuk e ka m\u00eb mister lidhjen me regjisorin Romain Gavras, do t\u00eb kalonte shum\u00eb koh\u00eb n\u00eb Franc\u00eb\u2026 N\u00eb agim t\u00eb k\u00ebtij kapitulli t\u00eb ri, n\u00eb p\u00ebrgatitje p\u00ebr albumin e saj t\u00eb tret\u00eb, nd\u00ebrsa distilonte shijet, k\u00ebshillat dhe podkastet e saj, dukej se kishte ardhur koha p\u00ebr t\u00eb rieksploruar aventur\u00ebn nj\u00eb prej ikonave m\u00eb magjike pop t\u00eb koh\u00ebs son\u00eb.<\/p>\n<p>Flok\u00eb t\u00eb shk\u00eblqyer e me \u00e7ehre t\u00eb past\u00ebr, vath\u00eb me rrath\u00eb t\u00eb art\u00eb dhe me bluz\u00ebn e t\u00eb dashurit: n\u00eb divanin e saj, Dua \u00ebsht\u00eb gati. Gjithmon\u00eb gati.<\/p>\n<p><iframe id=\"instagram-embed-0\" class=\"instagram-media\" src=\"https:\/\/www.instagram.com\/p\/CwVXvmvsVaA\/embed\/captioned\/?cr=1&amp;v=14&amp;wp=375&amp;rd=https%3A%2F%2Fwww.kosovarja-ks.com&amp;rp=%2Fdua-pozon-topless-per-vogue%2F#%7B%22ci%22%3A0%2C%22os%22%3A2982%7D\" height=\"0\" frameborder=\"0\" scrolling=\"no\" allowfullscreen=\"allowfullscreen\" data-instgrm-payload-id=\"instagram-media-payload-0\" data-mce-fragment=\"1\"><\/iframe><\/p>\n<blockquote id=\"instagram-media-payload-0\" class=\" instagram-media-registered\" data-instgrm-captioned=\"\" data-instgrm-permalink=\"https:\/\/www.instagram.com\/p\/CwVXvmvsVaA\/?utm_source=ig_embed&amp;utm_campaign=loading\" data-instgrm-version=\"14\">\n<div>\n<p>&nbsp;<\/p>\n<div>\n<div><\/div>\n<div>\n<div><\/div>\n<div><\/div>\n<\/div>\n<\/div>\n<div><\/div>\n<div><\/div>\n<div>\n<div>View this post on Instagram<\/div>\n<\/div>\n<div><\/div>\n<div>\n<div>\n<div><\/div>\n<div><\/div>\n<div><\/div>\n<\/div>\n<div>\n<div><\/div>\n<div><\/div>\n<\/div>\n<div>\n<div><\/div>\n<div><\/div>\n<div><\/div>\n<\/div>\n<\/div>\n<div>\n<div><\/div>\n<div><\/div>\n<\/div>\n<p>&nbsp;<\/p>\n<p><a href=\"https:\/\/www.instagram.com\/p\/CwVXvmvsVaA\/?utm_source=ig_embed&amp;utm_campaign=loading\" target=\"_blank\" rel=\"noopener\">A post shared by DUA LIPA (@dualipa<\/a><\/p>\n<\/div>\n<\/blockquote>\n","protected":false},"excerpt":{"rendered":"<p>Artistja me fam\u00eb nd\u00ebrkomb\u00ebtare me origjin\u00eb shqiptare, Dua Lipa ka pozuar topless p\u00ebr Vogue France, nd\u00ebrsa ka zhvilluar edhe nj\u00eb intervist\u00eb p\u00ebr Arthur Dreyfus. Dua<\/p>\n","protected":false},"author":14,"featured_media":0,"comment_status":"open","ping_status":"open","sticky":false,"template":"","format":"standard","meta":{"footnotes":""},"categories":[49],"tags":[],"class_list":["post-14953","post","type-post","status-publish","format-standard","hentry","category-showbiz"],"_links":{"self":[{"href":"https:\/\/indeks.bilten.mk\/index.php?rest_route=\/wp\/v2\/posts\/14953","targetHints":{"allow":["GET"]}}],"collection":[{"href":"https:\/\/indeks.bilten.mk\/index.php?rest_route=\/wp\/v2\/posts"}],"about":[{"href":"https:\/\/indeks.bilten.mk\/index.php?rest_route=\/wp\/v2\/types\/post"}],"author":[{"embeddable":true,"href":"https:\/\/indeks.bilten.mk\/index.php?rest_route=\/wp\/v2\/users\/14"}],"replies":[{"embeddable":true,"href":"https:\/\/indeks.bilten.mk\/index.php?rest_route=%2Fwp%2Fv2%2Fcomments&post=14953"}],"version-history":[{"count":0,"href":"https:\/\/indeks.bilten.mk\/index.php?rest_route=\/wp\/v2\/posts\/14953\/revisions"}],"wp:attachment":[{"href":"https:\/\/indeks.bilten.mk\/index.php?rest_route=%2Fwp%2Fv2%2Fmedia&parent=14953"}],"wp:term":[{"taxonomy":"category","embeddable":true,"href":"https:\/\/indeks.bilten.mk\/index.php?rest_route=%2Fwp%2Fv2%2Fcategories&post=14953"},{"taxonomy":"post_tag","embeddable":true,"href":"https:\/\/indeks.bilten.mk\/index.php?rest_route=%2Fwp%2Fv2%2Ftags&post=14953"}],"curies":[{"name":"wp","href":"https:\/\/api.w.org\/{rel}","templated":true}]}}