{"id":15019,"date":"2023-08-26T15:41:10","date_gmt":"2023-08-26T13:41:10","guid":{"rendered":"https:\/\/indeks.mk\/?p=15019"},"modified":"2023-08-26T15:41:10","modified_gmt":"2023-08-26T13:41:10","slug":"grubi-revista-drita-e-gonxhes-perjeteson-vepren-madheshtore-te-nene-terezes","status":"publish","type":"post","link":"https:\/\/indeks.bilten.mk\/?p=15019","title":{"rendered":"Grubi: Revista &#8220;Drita e Gonxhes&#8221; p\u00ebrjet\u00ebson vepr\u00ebn madh\u00ebshtore t\u00eb N\u00ebn\u00eb Terez\u00ebs"},"content":{"rendered":"<p>Z\u00ebvend\u00ebskryeministri i par\u00eb, Artan Grubi ishte sot pjes\u00ebmarr\u00ebs n\u00eb manifestimin tradicional kulturor shkencor \u201cDrita e Gonxhes\u201d me rastin e 113 vjetorit t\u00eb lindjes s\u00eb humanistes shqiptare N\u00ebn\u00eb Tereza.<\/p>\n<p>Grubi p\u00ebrmes disa fotografive nga ngjarja e sotme t\u00eb shp\u00ebrndara n\u00eb Facebook, shkruan se \u00ebsht\u00eb amanet q\u00eb pasardh\u00ebsve t\u00eb iu p\u00ebrcillet madh\u00ebshtia e vepr\u00ebs s\u00eb N\u00ebn\u00eb Terez\u00ebs, ndaj Revista \u201cDrita e Gonxhes\u201d e p\u00ebrjet\u00ebson gjith\u00eb kontributin e humanistes.<\/p>\n<p>Statusi i plot\u00eb:<\/p>\n<p>K\u00ebnaq\u00ebsi q\u00eb bashk\u00eb me Institutin p\u00ebr Trash\u00ebgimi Kulturore dhe Shpirt\u00ebrore t\u00eb Shqiptar\u00ebve n\u00eb Maqedonin\u00eb e Veriut edhe k\u00ebt\u00eb vit u p\u00ebrkujdes\u00ebm p\u00ebr organizimin e manifestimit tradicional kulturor shkencor \u201cDrita e Gonxhes\u201d n\u00eb 113 vjetorin e lindjes s\u00eb N\u00ebn\u00eb Terez\u00ebs.<\/p>\n<p>E kemi ne amanet q\u00eb t\u2019ua p\u00ebrcjellim pasardh\u00ebsve tan\u00eb madh\u00ebstin\u00eb e vepr\u00ebs s\u00eb N\u00ebn\u00eb Terez\u00ebs, gjurm\u00ebt e kontributit njer\u00ebzor dhe bamir\u00ebsis\u00eb q\u00eb ajo i la n\u00eb sh\u00ebrbim t\u00eb s\u00eb mir\u00ebs s\u00eb p\u00ebrgjithshme.<\/p>\n<p>Revista \u201cDrita e Gonxhes\u201d q\u00eb sot po e promovojm\u00eb \u00ebsht\u00eb thesar shtypi q\u00eb do ti kontriboj\u00eb kauz\u00ebs s\u00eb p\u00ebrjet\u00ebsimit t\u00eb vepr\u00ebs s\u00eb N\u00ebn\u00ebs Terez\u00eb.<\/p>\n<p><iframe loading=\"lazy\" src=\"https:\/\/www.facebook.com\/plugins\/post.php?href=https%3A%2F%2Fwww.facebook.com%2FArtanGrubi%2Fposts%2Fpfbid02o2rEWWGLKZzrNm2PD8enjPg8rhigFPunRxjCN8tNFJQHkypeHprCikgSz2GBvsTBl&#038;show_text=true&#038;width=500\" width=\"500\" height=\"792\" style=\"border:none;overflow:hidden\" scrolling=\"no\" frameborder=\"0\" allowfullscreen=\"true\" allow=\"autoplay; clipboard-write; encrypted-media; picture-in-picture; web-share\"><\/iframe><\/p>\n","protected":false},"excerpt":{"rendered":"<p>Z\u00ebvend\u00ebskryeministri i par\u00eb, Artan Grubi ishte sot pjes\u00ebmarr\u00ebs n\u00eb manifestimin tradicional kulturor shkencor \u201cDrita e Gonxhes\u201d me rastin e 113 vjetorit t\u00eb lindjes s\u00eb humanistes<\/p>\n","protected":false},"author":14,"featured_media":0,"comment_status":"open","ping_status":"open","sticky":false,"template":"","format":"standard","meta":{"footnotes":""},"categories":[44],"tags":[],"class_list":["post-15019","post","type-post","status-publish","format-standard","hentry","category-maqedoni"],"_links":{"self":[{"href":"https:\/\/indeks.bilten.mk\/index.php?rest_route=\/wp\/v2\/posts\/15019","targetHints":{"allow":["GET"]}}],"collection":[{"href":"https:\/\/indeks.bilten.mk\/index.php?rest_route=\/wp\/v2\/posts"}],"about":[{"href":"https:\/\/indeks.bilten.mk\/index.php?rest_route=\/wp\/v2\/types\/post"}],"author":[{"embeddable":true,"href":"https:\/\/indeks.bilten.mk\/index.php?rest_route=\/wp\/v2\/users\/14"}],"replies":[{"embeddable":true,"href":"https:\/\/indeks.bilten.mk\/index.php?rest_route=%2Fwp%2Fv2%2Fcomments&post=15019"}],"version-history":[{"count":0,"href":"https:\/\/indeks.bilten.mk\/index.php?rest_route=\/wp\/v2\/posts\/15019\/revisions"}],"wp:attachment":[{"href":"https:\/\/indeks.bilten.mk\/index.php?rest_route=%2Fwp%2Fv2%2Fmedia&parent=15019"}],"wp:term":[{"taxonomy":"category","embeddable":true,"href":"https:\/\/indeks.bilten.mk\/index.php?rest_route=%2Fwp%2Fv2%2Fcategories&post=15019"},{"taxonomy":"post_tag","embeddable":true,"href":"https:\/\/indeks.bilten.mk\/index.php?rest_route=%2Fwp%2Fv2%2Ftags&post=15019"}],"curies":[{"name":"wp","href":"https:\/\/api.w.org\/{rel}","templated":true}]}}