{"id":15026,"date":"2023-08-26T17:54:04","date_gmt":"2023-08-26T15:54:04","guid":{"rendered":"https:\/\/indeks.mk\/?p=15026"},"modified":"2023-08-26T17:54:04","modified_gmt":"2023-08-26T15:54:04","slug":"e-tmerrshme-tetova-rangohet-si-qyteti-i-dyte-ne-bote-me-ajrin-me-te-ndotur","status":"publish","type":"post","link":"https:\/\/indeks.bilten.mk\/?p=15026","title":{"rendered":"E tmerrshme! Tetova rangohet si qyteti i dyt\u00eb n\u00eb bot\u00eb me ajrin m\u00eb t\u00eb ndotur&#8230;"},"content":{"rendered":"<p>Tetova z\u00eb vendin e dyt\u00eb n\u00eb bot\u00eb p\u00ebr ndotjen e ajrit. <\/p>\n<p>Sipas \u201cWorld of Statistics\u201d, vendin e par\u00eb \u00ebsht\u00eb Kathmundu nd\u00ebrsa n\u00eb vendin e dyt\u00eb Tetova, pasuar dhe nga qytete t\u00eb shteteve t\u00eb tjera. <\/p>\n<p>Edhe p\u00ebrkund\u00ebr indeksit t\u00eb tmerrsh\u00ebm n\u00eb t\u00eb cilin u rangua Tetova, nga Komuna nuk ka pasur asnje reagim lidhur me k\u00ebt\u00eb problematik\u00eb.<\/p>\n<p>Kujtojm\u00eb se n\u00eb rajonin e Tetov\u00ebs vazhdimisht ka pasur ndotje t\u00eb vazhdueshme t\u00eb ajrit, mir\u00ebpo nga Komuna nuk ka pasur asnj\u00eb reagim apo inspektim t\u00eb detajuar. <\/p>\n<p>Theksojm\u00eb se dit\u00eb m\u00eb par\u00eb p\u00ebr shkak t\u00eb djegies s\u00eb deponis\u00eb n\u00eb mes fshatrave Sten\u00e7e dhe Vollkovij\u00eb t\u00eb Komun\u00ebs s\u00eb B\u00ebrvenic\u00ebs, qytetar\u00ebt kan\u00eb evituar daljet n\u00eb ambientet e jashtme, ajrosjen e ambienteve t\u00eb sht\u00ebpis\u00eb, p\u00ebr shkak t\u00eb tymit t\u00eb madh q\u00eb pushtoi t\u00eb gjith\u00eb qytetin. \/Indeks.mk<\/p>\n<p><img loading=\"lazy\" decoding=\"async\" src=\"https:\/\/indeks.mk\/wp-content\/uploads\/2023\/08\/hnnnjj-300x272.jpg\" alt=\"\" width=\"300\" height=\"272\" class=\"alignnone size-medium wp-image-15027\" \/><\/p>\n","protected":false},"excerpt":{"rendered":"<p>Tetova z\u00eb vendin e dyt\u00eb n\u00eb bot\u00eb p\u00ebr ndotjen e ajrit. Sipas \u201cWorld of Statistics\u201d, vendin e par\u00eb \u00ebsht\u00eb Kathmundu nd\u00ebrsa n\u00eb vendin e dyt\u00eb<\/p>\n","protected":false},"author":14,"featured_media":0,"comment_status":"open","ping_status":"open","sticky":false,"template":"","format":"standard","meta":{"footnotes":""},"categories":[44],"tags":[],"class_list":["post-15026","post","type-post","status-publish","format-standard","hentry","category-maqedoni"],"_links":{"self":[{"href":"https:\/\/indeks.bilten.mk\/index.php?rest_route=\/wp\/v2\/posts\/15026","targetHints":{"allow":["GET"]}}],"collection":[{"href":"https:\/\/indeks.bilten.mk\/index.php?rest_route=\/wp\/v2\/posts"}],"about":[{"href":"https:\/\/indeks.bilten.mk\/index.php?rest_route=\/wp\/v2\/types\/post"}],"author":[{"embeddable":true,"href":"https:\/\/indeks.bilten.mk\/index.php?rest_route=\/wp\/v2\/users\/14"}],"replies":[{"embeddable":true,"href":"https:\/\/indeks.bilten.mk\/index.php?rest_route=%2Fwp%2Fv2%2Fcomments&post=15026"}],"version-history":[{"count":0,"href":"https:\/\/indeks.bilten.mk\/index.php?rest_route=\/wp\/v2\/posts\/15026\/revisions"}],"wp:attachment":[{"href":"https:\/\/indeks.bilten.mk\/index.php?rest_route=%2Fwp%2Fv2%2Fmedia&parent=15026"}],"wp:term":[{"taxonomy":"category","embeddable":true,"href":"https:\/\/indeks.bilten.mk\/index.php?rest_route=%2Fwp%2Fv2%2Fcategories&post=15026"},{"taxonomy":"post_tag","embeddable":true,"href":"https:\/\/indeks.bilten.mk\/index.php?rest_route=%2Fwp%2Fv2%2Ftags&post=15026"}],"curies":[{"name":"wp","href":"https:\/\/api.w.org\/{rel}","templated":true}]}}