{"id":15044,"date":"2023-08-27T11:13:20","date_gmt":"2023-08-27T09:13:20","guid":{"rendered":"https:\/\/indeks.mk\/?p=15044"},"modified":"2023-08-27T11:13:20","modified_gmt":"2023-08-27T09:13:20","slug":"alternatives-si-vmro-se-e-levices-i-pengon-uck-ja","status":"publish","type":"post","link":"https:\/\/indeks.bilten.mk\/?p=15044","title":{"rendered":"Alternativ\u00ebs \u2013 si VMRO-s\u00eb e Levic\u00ebs, i pengon U\u00c7K-ja!"},"content":{"rendered":"<p>Partis\u00eb s\u00eb Afrim Gashit, \u201cAlternativ\u00ebs\u201d e cila p\u00ebr \u00e7do dit\u00eb gjen nga nj\u00eb \u201calternativ\u00eb\u201d p\u00ebr t\u00eb qen\u00eb sa m\u00eb af\u00ebr VMRO-DPMNE-s\u00eb dhe Hristijan Mickoskit, frenuesve kryesore t\u00eb procesit integrues t\u00eb vendit, po i pengon homazhi dhe p\u00ebrkujtimi i figurave t\u00eb ndritura t\u00eb Ushtris\u00eb \u00c7lirimtare Komb\u00ebtare (U\u00c7K), <span style=\"color: #ff0000;\"><strong>shkruan Indeks.mk<\/strong><\/span><\/p>\n<p>Edhe pse partia e \u201cGASHVE\u201d ka mbetur vet\u00ebm me nj\u00eb deputet n\u00eb Kuvend, me Gashin e \u201cvog\u00ebl\u201d me yll n\u00eb ball\u00eb, do t\u00eb b\u00ebj\u00eb paralele mes patriotizmit real dhe aty t\u00eb rrem\u00eb.<\/p>\n<p>Atyre u paska mbetur hatri pse kreu i BDI-s\u00eb Ali Ahmeti u ka th\u00ebn\u00eb parti e vog\u00ebl, dhe pse z\u00ebvend\u00ebskryeministri i par\u00eb Artan Grubi ka deklaruar se n\u00eb k\u00ebto momente vendimtare p\u00ebr integrimin e vendit n\u00eb BE nuk kemi nevoj\u00eb p\u00ebr shum\u00eb patriotiz\u00ebm t\u00eb rrejsh\u00ebm, por p\u00ebr vendime t\u00eb r\u00ebnd\u00ebsishme politike dhe t\u00eb men\u00e7ura.<\/p>\n<p>Por, ama n\u00eb asnj\u00eb m\u00ebnyr\u00eb nuk ka th\u00ebn\u00eb se Afrimi i \u201cvog\u00ebl\u201d nuk mund t\u00eb shkruaj ta z\u00ebm\u00eb nj\u00eb shkrim p\u00ebrkujtimor p\u00ebr Ismet Jasharin \u2013 Komandant Kumanov\u00ebn, apo t\u00eb vendoste nj\u00eb buqet\u00eb me lule dje n\u00eb p\u00ebrmendoren e shenjtores N\u00ebn\u00eb Teraza.<\/p>\n<p>N\u00eb munges\u00eb t\u00eb nj\u00eb pragmatizmi politik dhe nj\u00eb veprimi real, duke tentuar t\u00eb kopjon populizmin e rrejsh\u00ebm t\u00eb VMRO-DPMNE-s\u00eb, Alternativa e Gashit ka deklaruar se:<\/p>\n<p>\u201cKur p\u00ebrfaq\u00ebsuesit e BDI-s\u00eb nderojn\u00eb figurat e U\u00c7K-s\u00eb \u00ebsht\u00eb normale dhe e ligjshme\u201d, nd\u00ebrsa kur k\u00ebto b\u00ebjn\u00eb \u201chajgare\u201d me proceset strategjike q\u00eb jan\u00eb vitale p\u00ebr shqiptar\u00ebt, si\u00e7 \u00ebsht\u00eb integrimi n\u00eb BE, \u00ebsht\u00eb e paligjshme.<\/p>\n<p>Jo e paligjshme, asnj\u00eb funksionar\u00eb se ka th\u00ebn\u00eb k\u00ebt\u00eb! Por, shum\u00eb jeshile, shum\u00eb veprim \u201caxhamill\u00ebku\u201d!<\/p>\n<p>E sa p\u00ebr U\u00c7K-n\u00eb normal se \u00ebsht\u00eb e ligjshme, pasi q\u00eb pa n\u00ebnshkrimin e saj nuk do e kishim sot Marr\u00ebveshjen e Ohrit, e cila ua ka garantuar shqiptar\u00ebve t\u00eb drejtat kolektive, e p\u00ebrtej k\u00ebsaj.<\/p>\n<p>Madje edhe t\u00eb drejt\u00ebn q\u00eb Alternativa t\u00eb fol sot kund\u00ebr \u2013 U\u00c7K-s\u00eb!<\/p>\n<p>Afrim Gashi as nuk ka guxim, as vizion, por vet\u00ebm \u00ebsht\u00eb duke ndjekur recetat propagandistike t\u00eb VMRO DPMNE-s\u00eb dhe Hristijan Mickoskit.<span style=\"color: #ff0000;\"><strong>(Indeks.mk)<\/strong><\/span><\/p>\n","protected":false},"excerpt":{"rendered":"<p>Partis\u00eb s\u00eb Afrim Gashit, \u201cAlternativ\u00ebs\u201d e cila p\u00ebr \u00e7do dit\u00eb gjen nga nj\u00eb \u201calternativ\u00eb\u201d p\u00ebr t\u00eb qen\u00eb sa m\u00eb af\u00ebr VMRO-DPMNE-s\u00eb dhe Hristijan Mickoskit, frenuesve<\/p>\n","protected":false},"author":14,"featured_media":0,"comment_status":"open","ping_status":"open","sticky":false,"template":"","format":"standard","meta":{"footnotes":""},"categories":[44,47],"tags":[],"class_list":["post-15044","post","type-post","status-publish","format-standard","hentry","category-maqedoni","category-opinione"],"_links":{"self":[{"href":"https:\/\/indeks.bilten.mk\/index.php?rest_route=\/wp\/v2\/posts\/15044","targetHints":{"allow":["GET"]}}],"collection":[{"href":"https:\/\/indeks.bilten.mk\/index.php?rest_route=\/wp\/v2\/posts"}],"about":[{"href":"https:\/\/indeks.bilten.mk\/index.php?rest_route=\/wp\/v2\/types\/post"}],"author":[{"embeddable":true,"href":"https:\/\/indeks.bilten.mk\/index.php?rest_route=\/wp\/v2\/users\/14"}],"replies":[{"embeddable":true,"href":"https:\/\/indeks.bilten.mk\/index.php?rest_route=%2Fwp%2Fv2%2Fcomments&post=15044"}],"version-history":[{"count":0,"href":"https:\/\/indeks.bilten.mk\/index.php?rest_route=\/wp\/v2\/posts\/15044\/revisions"}],"wp:attachment":[{"href":"https:\/\/indeks.bilten.mk\/index.php?rest_route=%2Fwp%2Fv2%2Fmedia&parent=15044"}],"wp:term":[{"taxonomy":"category","embeddable":true,"href":"https:\/\/indeks.bilten.mk\/index.php?rest_route=%2Fwp%2Fv2%2Fcategories&post=15044"},{"taxonomy":"post_tag","embeddable":true,"href":"https:\/\/indeks.bilten.mk\/index.php?rest_route=%2Fwp%2Fv2%2Ftags&post=15044"}],"curies":[{"name":"wp","href":"https:\/\/api.w.org\/{rel}","templated":true}]}}