{"id":15046,"date":"2023-08-27T11:56:16","date_gmt":"2023-08-27T09:56:16","guid":{"rendered":"https:\/\/indeks.mk\/?p=15046"},"modified":"2023-08-27T11:56:16","modified_gmt":"2023-08-27T09:56:16","slug":"rita-ora-e-mbajti-ne-duar-flamurin-e-serbise-derisa-performonte-ne-hungari-video","status":"publish","type":"post","link":"https:\/\/indeks.bilten.mk\/?p=15046","title":{"rendered":"Rita Ora e mbajti n\u00eb duar flamurin e Serbis\u00eb derisa performonte n\u00eb Hungari (VIDEO)"},"content":{"rendered":"<p>K\u00ebng\u00ebtarja kosovare me fam\u00eb bot\u00ebrore, Rita Ora, gjat\u00eb nj\u00eb performance mbr\u00ebm\u00eb n\u00eb nj\u00eb festival t\u00eb Hungaris\u00eb e ka mbajtur flamurin e Serbis\u00eb.<\/p>\n<p>Deri tani Ora nuk \u00ebsht\u00eb deklaruar rreth k\u00ebsaj \u00e7\u00ebshtje, p\u00ebr t\u00eb b\u00ebr\u00eb t\u00eb ditur se cilat kan\u00eb qen\u00eb arsyet e mbajtjes s\u00eb flamurit serb.<\/p>\n<p>M\u00eb posht\u00eb e keni nj\u00eb video ku shihet ky moment i Rit\u00ebs.<\/p>\n<p><iframe loading=\"lazy\" src=\"https:\/\/www.facebook.com\/plugins\/video.php?height=476&amp;href=https%3A%2F%2Fwww.facebook.com%2FATVKS%2Fvideos%2F1752017485267884%2F&amp;show_text=false&amp;width=380&amp;t=0\" width=\"380\" height=\"476\" frameborder=\"0\" scrolling=\"no\" allowfullscreen=\"allowfullscreen\" data-mce-fragment=\"1\"><\/iframe><\/p>\n","protected":false},"excerpt":{"rendered":"<p>K\u00ebng\u00ebtarja kosovare me fam\u00eb bot\u00ebrore, Rita Ora, gjat\u00eb nj\u00eb performance mbr\u00ebm\u00eb n\u00eb nj\u00eb festival t\u00eb Hungaris\u00eb e ka mbajtur flamurin e Serbis\u00eb. Deri tani Ora<\/p>\n","protected":false},"author":14,"featured_media":0,"comment_status":"open","ping_status":"open","sticky":false,"template":"","format":"standard","meta":{"footnotes":""},"categories":[49],"tags":[],"class_list":["post-15046","post","type-post","status-publish","format-standard","hentry","category-showbiz"],"_links":{"self":[{"href":"https:\/\/indeks.bilten.mk\/index.php?rest_route=\/wp\/v2\/posts\/15046","targetHints":{"allow":["GET"]}}],"collection":[{"href":"https:\/\/indeks.bilten.mk\/index.php?rest_route=\/wp\/v2\/posts"}],"about":[{"href":"https:\/\/indeks.bilten.mk\/index.php?rest_route=\/wp\/v2\/types\/post"}],"author":[{"embeddable":true,"href":"https:\/\/indeks.bilten.mk\/index.php?rest_route=\/wp\/v2\/users\/14"}],"replies":[{"embeddable":true,"href":"https:\/\/indeks.bilten.mk\/index.php?rest_route=%2Fwp%2Fv2%2Fcomments&post=15046"}],"version-history":[{"count":0,"href":"https:\/\/indeks.bilten.mk\/index.php?rest_route=\/wp\/v2\/posts\/15046\/revisions"}],"wp:attachment":[{"href":"https:\/\/indeks.bilten.mk\/index.php?rest_route=%2Fwp%2Fv2%2Fmedia&parent=15046"}],"wp:term":[{"taxonomy":"category","embeddable":true,"href":"https:\/\/indeks.bilten.mk\/index.php?rest_route=%2Fwp%2Fv2%2Fcategories&post=15046"},{"taxonomy":"post_tag","embeddable":true,"href":"https:\/\/indeks.bilten.mk\/index.php?rest_route=%2Fwp%2Fv2%2Ftags&post=15046"}],"curies":[{"name":"wp","href":"https:\/\/api.w.org\/{rel}","templated":true}]}}