{"id":15049,"date":"2023-08-27T13:12:44","date_gmt":"2023-08-27T11:12:44","guid":{"rendered":"https:\/\/indeks.mk\/?p=15049"},"modified":"2023-08-27T13:12:44","modified_gmt":"2023-08-27T11:12:44","slug":"termet-ne-maqedoni-epiqendra-ne-kercove","status":"publish","type":"post","link":"https:\/\/indeks.bilten.mk\/?p=15049","title":{"rendered":"T\u00ebrmet n\u00eb Maqedoni, epiqendra n\u00eb K\u00ebr\u00e7ov\u00eb"},"content":{"rendered":"<p>Sot rreth or\u00ebs 10:17 n\u00eb m\u00ebngjes nj\u00eb t\u00ebrmet me magnitud\u00eb 2.8 t\u00eb shkall\u00ebs Rihter \u00ebsht\u00eb regjistruar n\u00eb Maqedoni.<\/p>\n<div class=\"code-block code-block-43 code-block-pas-paragrafit-2t-inarticle\">\n<div>\n<div class=\"code-block-label\">Epiqendra e t\u00ebrmetit ishte 16 kilometra n\u00eb veriper\u00ebndim t\u00eb K\u00ebr\u00e7ov\u00ebs, p\u00ebrkat\u00ebsisht 67 kilometra n\u00eb jugper\u00ebndim t\u00eb Shkupit.<\/div>\n<\/div>\n<\/div>\n<p>Thell\u00ebsia ishte 5 km.<\/p>\n<p><img loading=\"lazy\" decoding=\"async\" class=\"alignnone size-full wp-image-3780671\" src=\"https:\/\/telegrafi.com\/wp-content\/uploads\/2023\/08\/terrmet.jpg\" alt=\"\" width=\"903\" height=\"336\" \/><\/p>\n","protected":false},"excerpt":{"rendered":"<p>Sot rreth or\u00ebs 10:17 n\u00eb m\u00ebngjes nj\u00eb t\u00ebrmet me magnitud\u00eb 2.8 t\u00eb shkall\u00ebs Rihter \u00ebsht\u00eb regjistruar n\u00eb Maqedoni. Epiqendra e t\u00ebrmetit ishte 16 kilometra n\u00eb<\/p>\n","protected":false},"author":14,"featured_media":0,"comment_status":"open","ping_status":"open","sticky":false,"template":"","format":"standard","meta":{"footnotes":""},"categories":[44],"tags":[],"class_list":["post-15049","post","type-post","status-publish","format-standard","hentry","category-maqedoni"],"_links":{"self":[{"href":"https:\/\/indeks.bilten.mk\/index.php?rest_route=\/wp\/v2\/posts\/15049","targetHints":{"allow":["GET"]}}],"collection":[{"href":"https:\/\/indeks.bilten.mk\/index.php?rest_route=\/wp\/v2\/posts"}],"about":[{"href":"https:\/\/indeks.bilten.mk\/index.php?rest_route=\/wp\/v2\/types\/post"}],"author":[{"embeddable":true,"href":"https:\/\/indeks.bilten.mk\/index.php?rest_route=\/wp\/v2\/users\/14"}],"replies":[{"embeddable":true,"href":"https:\/\/indeks.bilten.mk\/index.php?rest_route=%2Fwp%2Fv2%2Fcomments&post=15049"}],"version-history":[{"count":0,"href":"https:\/\/indeks.bilten.mk\/index.php?rest_route=\/wp\/v2\/posts\/15049\/revisions"}],"wp:attachment":[{"href":"https:\/\/indeks.bilten.mk\/index.php?rest_route=%2Fwp%2Fv2%2Fmedia&parent=15049"}],"wp:term":[{"taxonomy":"category","embeddable":true,"href":"https:\/\/indeks.bilten.mk\/index.php?rest_route=%2Fwp%2Fv2%2Fcategories&post=15049"},{"taxonomy":"post_tag","embeddable":true,"href":"https:\/\/indeks.bilten.mk\/index.php?rest_route=%2Fwp%2Fv2%2Ftags&post=15049"}],"curies":[{"name":"wp","href":"https:\/\/api.w.org\/{rel}","templated":true}]}}