{"id":15054,"date":"2023-08-27T13:18:41","date_gmt":"2023-08-27T11:18:41","guid":{"rendered":"https:\/\/indeks.mk\/?p=15054"},"modified":"2023-08-27T13:18:41","modified_gmt":"2023-08-27T11:18:41","slug":"fatmir-spahiu-per-rastin-e-rita-ores-eshte-artiste-e-madhe-ka-mundesi-qe-nuk-i-njeh-flamujt-e-shteteve-te-vogla","status":"publish","type":"post","link":"https:\/\/indeks.bilten.mk\/?p=15054","title":{"rendered":"Fatmir Spahiu p\u00ebr rastin e Rita Or\u00ebs: \u00cbsht\u00eb artiste e madhe, ka mund\u00ebsi q\u00eb nuk i njeh flamujt e shteteve t\u00eb vogla"},"content":{"rendered":"<p><strong>Aktori Fatmir Spahiu ka reaguar pasi k\u00ebng\u00ebtarja kosovare, Rita Ora, u pa duke mbajtur n\u00eb supe flamurin e Serbis\u00eb gjat\u00eb nj\u00eb koncerti n\u00eb Hungari.<\/strong><\/p>\n<p>Bufi thot\u00eb se ka mund\u00ebsi q\u00eb Rita Ora nuk i njeh flamujt e shteteve t\u00eb vogla.<\/p>\n<p>Ai ka p\u00ebrmendur momentin kur nj\u00eb kosovare merr pjes\u00eb n\u00eb The Voice of Australia, duke e barazuar at\u00eb me gollat e Xherdan Shaqirit e Granit Xhak\u00ebs kund\u00ebr Serbis\u00eb.<\/p>\n<p>\u201cBtw reagimi i saj kur e sheh nje bashkevendase te saj ne nje talent sho\u00eb ne Australi eshte i barazvlershem me gollat e Shaqirit dhe Xhakes kunder serbise. Mua ma ka dridh pak buzen e poshtme. Reagimi i saj ne at sho\u00eb ma kujton nje pervojen timen ne nje vend turistik ku gjasat per me pas shqiptare kane qene minimaliste. Tu u shetite ne nje barke te vogel, ne qosh te botes e pata degju kete fraze \u201cRuzhdi mos u gjuje se ka gur\u00eb\u201d u pata nij krenare e emocionum pa mase per faktin se pak jena por gjithcka na gjen. We go we go we shine\u201d, ka shkruar Bufi.<\/p>\n<div><\/div>\n<p><iframe loading=\"lazy\" src=\"https:\/\/www.facebook.com\/plugins\/post.php?href=https%3A%2F%2Fwww.facebook.com%2Fbufmir%2Fposts%2Fpfbid0eQ1jsXbA6DQjuadXSNUuEoswSwD1RhyWsGrmF3aQGnbuVvCayMvSomvAUeMfcx6wl&amp;show_text=true&amp;width=500\" width=\"500\" height=\"250\" frameborder=\"0\" scrolling=\"no\" allowfullscreen=\"allowfullscreen\" data-mce-fragment=\"1\"><\/iframe><\/p>\n","protected":false},"excerpt":{"rendered":"<p>Aktori Fatmir Spahiu ka reaguar pasi k\u00ebng\u00ebtarja kosovare, Rita Ora, u pa duke mbajtur n\u00eb supe flamurin e Serbis\u00eb gjat\u00eb nj\u00eb koncerti n\u00eb Hungari. Bufi<\/p>\n","protected":false},"author":14,"featured_media":0,"comment_status":"open","ping_status":"open","sticky":false,"template":"","format":"standard","meta":{"footnotes":""},"categories":[49],"tags":[],"class_list":["post-15054","post","type-post","status-publish","format-standard","hentry","category-showbiz"],"_links":{"self":[{"href":"https:\/\/indeks.bilten.mk\/index.php?rest_route=\/wp\/v2\/posts\/15054","targetHints":{"allow":["GET"]}}],"collection":[{"href":"https:\/\/indeks.bilten.mk\/index.php?rest_route=\/wp\/v2\/posts"}],"about":[{"href":"https:\/\/indeks.bilten.mk\/index.php?rest_route=\/wp\/v2\/types\/post"}],"author":[{"embeddable":true,"href":"https:\/\/indeks.bilten.mk\/index.php?rest_route=\/wp\/v2\/users\/14"}],"replies":[{"embeddable":true,"href":"https:\/\/indeks.bilten.mk\/index.php?rest_route=%2Fwp%2Fv2%2Fcomments&post=15054"}],"version-history":[{"count":0,"href":"https:\/\/indeks.bilten.mk\/index.php?rest_route=\/wp\/v2\/posts\/15054\/revisions"}],"wp:attachment":[{"href":"https:\/\/indeks.bilten.mk\/index.php?rest_route=%2Fwp%2Fv2%2Fmedia&parent=15054"}],"wp:term":[{"taxonomy":"category","embeddable":true,"href":"https:\/\/indeks.bilten.mk\/index.php?rest_route=%2Fwp%2Fv2%2Fcategories&post=15054"},{"taxonomy":"post_tag","embeddable":true,"href":"https:\/\/indeks.bilten.mk\/index.php?rest_route=%2Fwp%2Fv2%2Ftags&post=15054"}],"curies":[{"name":"wp","href":"https:\/\/api.w.org\/{rel}","templated":true}]}}