{"id":15057,"date":"2023-08-27T13:22:09","date_gmt":"2023-08-27T11:22:09","guid":{"rendered":"https:\/\/indeks.mk\/?p=15057"},"modified":"2023-08-27T13:22:09","modified_gmt":"2023-08-27T11:22:09","slug":"rasti-me-flamurin-serb-rita-ora-sqaron-se-si-ndodhi-ngjarja","status":"publish","type":"post","link":"https:\/\/indeks.bilten.mk\/?p=15057","title":{"rendered":"Rasti me flamurin serb, Rita Ora sqaron se si ndodhi ngjarja&#8230;"},"content":{"rendered":"<p><strong>K\u00ebng\u00ebtarja kosovare me fam\u00eb bot\u00ebrore, Rita Ora ka reaguar pas videos e cila po qarkullon, ku ajo shihet me flamurin serb n\u00eb nj\u00eb koncert n\u00eb Hungari.<\/strong><\/p>\n<p>Ajo ka th\u00ebn\u00eb se flamuri i ishte dh\u00ebn\u00eb nga nj\u00eb fans dhe nuk e ka dikur se cilit shtet e p\u00ebrfaq\u00ebsonte.<\/p>\n<p>Rita Ora \u00ebsht\u00eb shprehur se e ka kuptuar q\u00eb flamuri ishte i Serbis\u00eb, pasi ka dal\u00eb nga skena.<\/p>\n<p>Tutje, Rita tha se \u00ebsht\u00eb shqiptare krenare dhe se q\u00ebllimi i saj nuk ishte q\u00eb t\u00eb mos e respektonte trash\u00ebgimin\u00eb e saj ose t\u00eb m\u00ebrziste popullin dhe familjen e saj.<\/p>\n<p>\u201cMbr\u00ebm\u00eb gjat\u00eb performanc\u00ebs n\u00eb Festival SZIN n\u00eb Hungari, mu dha nj\u00eb flamur nga nj\u00eb fans i ri. Prej ndri\u00e7imit direkt n\u00eb sy e n\u00eb sken\u00eb, nuk pash\u00eb qart\u00eb se cilin shtet p\u00ebrfaq\u00ebsonte flamuri. Sapo dola nga skena, kuptova se ishte nj\u00eb flamur serb e jo Hungarez\u201d.<\/p>\n<p>\u201cP\u00ebrderisa\u00a0 i mb\u00ebshtes t\u00eb gith\u00eb fansat e mi, nga t\u00eb gjitha vendet dhe kulturat, dua t\u00eb b\u00ebj\u00eb shum\u00eb t\u00eb qart\u00eb se jam nj\u00eb shqiptare krenare e Kosov\u00ebs, dhe nuk ishte q\u00ebllimi im t\u00eb mos respektoja trash\u00ebgimin time, ose t\u00eb m\u00ebrzitja popullin tim ose familjen time\u201d, ka th\u00ebn\u00eb Rita Ora p\u00ebr Klanin.<\/p>\n","protected":false},"excerpt":{"rendered":"<p>K\u00ebng\u00ebtarja kosovare me fam\u00eb bot\u00ebrore, Rita Ora ka reaguar pas videos e cila po qarkullon, ku ajo shihet me flamurin serb n\u00eb nj\u00eb koncert n\u00eb<\/p>\n","protected":false},"author":14,"featured_media":0,"comment_status":"open","ping_status":"open","sticky":false,"template":"","format":"standard","meta":{"footnotes":""},"categories":[49],"tags":[],"class_list":["post-15057","post","type-post","status-publish","format-standard","hentry","category-showbiz"],"_links":{"self":[{"href":"https:\/\/indeks.bilten.mk\/index.php?rest_route=\/wp\/v2\/posts\/15057","targetHints":{"allow":["GET"]}}],"collection":[{"href":"https:\/\/indeks.bilten.mk\/index.php?rest_route=\/wp\/v2\/posts"}],"about":[{"href":"https:\/\/indeks.bilten.mk\/index.php?rest_route=\/wp\/v2\/types\/post"}],"author":[{"embeddable":true,"href":"https:\/\/indeks.bilten.mk\/index.php?rest_route=\/wp\/v2\/users\/14"}],"replies":[{"embeddable":true,"href":"https:\/\/indeks.bilten.mk\/index.php?rest_route=%2Fwp%2Fv2%2Fcomments&post=15057"}],"version-history":[{"count":0,"href":"https:\/\/indeks.bilten.mk\/index.php?rest_route=\/wp\/v2\/posts\/15057\/revisions"}],"wp:attachment":[{"href":"https:\/\/indeks.bilten.mk\/index.php?rest_route=%2Fwp%2Fv2%2Fmedia&parent=15057"}],"wp:term":[{"taxonomy":"category","embeddable":true,"href":"https:\/\/indeks.bilten.mk\/index.php?rest_route=%2Fwp%2Fv2%2Fcategories&post=15057"},{"taxonomy":"post_tag","embeddable":true,"href":"https:\/\/indeks.bilten.mk\/index.php?rest_route=%2Fwp%2Fv2%2Ftags&post=15057"}],"curies":[{"name":"wp","href":"https:\/\/api.w.org\/{rel}","templated":true}]}}