{"id":15062,"date":"2023-08-27T17:40:42","date_gmt":"2023-08-27T15:40:42","guid":{"rendered":"https:\/\/indeks.mk\/?p=15062"},"modified":"2023-08-27T17:40:42","modified_gmt":"2023-08-27T15:40:42","slug":"tisha-kon-si-ledri-stkisha-lon-fansat-ngacmojne-dafinen-ne-koncert-ja-si-reagoi-kengetarja","status":"publish","type":"post","link":"https:\/\/indeks.bilten.mk\/?p=15062","title":{"rendered":"\u2018\u2019T\u2019isha kon si Ledri s\u2019tkisha lon\u2019\u2019, fansat ngacmojn\u00eb Dafin\u00ebn n\u00eb koncert, ja si reagoi k\u00ebng\u00ebtarja"},"content":{"rendered":"<p><strong>Teksa prej disa dit\u00ebsh, titujt kryesor t\u00eb medias roz\u00eb i referohen Dafina Zeqitit dhe reperit Ledri Vula edhe fansat jan\u00eb b\u00ebr\u00eb pjes\u00eb e \u201cdram\u00ebs\u201d.<\/strong><\/p>\n<p>Gjat\u00eb nj\u00eb koncerti n\u00eb nj\u00eb \u201cnightclub\u201d ku n\u00eb sken\u00eb po performonte Dafina nj\u00eb person nga publiku ka tentuar t\u00eb b\u00ebj trendin e momentit.<\/p>\n<p>N\u00eb telefonin e tij ai shkruan: T\u2019isha kon si Ledri, s\u2019tkisha lon.<\/p>\n<p>Por duket se Dafina nuk i ka kushtuar v\u00ebmendje duke e injoruar edhe pse nga videoja kuptohet q\u00eb ajo e ka v\u00ebn\u00eb re \u201cmesazhin\u201d e fansit<\/p>\n<p><img loading=\"lazy\" decoding=\"async\" class=\"alignleft size-full wp-image-493471\" src=\"https:\/\/i0.wp.com\/www.kosovarja-ks.com\/wp-content\/uploads\/2023\/08\/WhatsApp-Image-2023-08-27-at-9.50.43-AM.jpeg?resize=1061%2C818&amp;ssl=1\" sizes=\"auto, (max-width: 1000px) 100vw, 1000px\" srcset=\"https:\/\/i0.wp.com\/www.kosovarja-ks.com\/wp-content\/uploads\/2023\/08\/WhatsApp-Image-2023-08-27-at-9.50.43-AM.jpeg?w=1061&amp;ssl=1 1061w, https:\/\/i0.wp.com\/www.kosovarja-ks.com\/wp-content\/uploads\/2023\/08\/WhatsApp-Image-2023-08-27-at-9.50.43-AM.jpeg?resize=300%2C231&amp;ssl=1 300w, https:\/\/i0.wp.com\/www.kosovarja-ks.com\/wp-content\/uploads\/2023\/08\/WhatsApp-Image-2023-08-27-at-9.50.43-AM.jpeg?resize=1024%2C789&amp;ssl=1 1024w, https:\/\/i0.wp.com\/www.kosovarja-ks.com\/wp-content\/uploads\/2023\/08\/WhatsApp-Image-2023-08-27-at-9.50.43-AM.jpeg?resize=768%2C592&amp;ssl=1 768w, https:\/\/i0.wp.com\/www.kosovarja-ks.com\/wp-content\/uploads\/2023\/08\/WhatsApp-Image-2023-08-27-at-9.50.43-AM.jpeg?resize=750%2C578&amp;ssl=1 750w\" alt=\"\" width=\"673\" height=\"519\" data-pin-no-hover=\"true\" \/><\/p>\n","protected":false},"excerpt":{"rendered":"<p>Teksa prej disa dit\u00ebsh, titujt kryesor t\u00eb medias roz\u00eb i referohen Dafina Zeqitit dhe reperit Ledri Vula edhe fansat jan\u00eb b\u00ebr\u00eb pjes\u00eb e \u201cdram\u00ebs\u201d. Gjat\u00eb<\/p>\n","protected":false},"author":14,"featured_media":0,"comment_status":"open","ping_status":"open","sticky":false,"template":"","format":"standard","meta":{"footnotes":""},"categories":[49],"tags":[],"class_list":["post-15062","post","type-post","status-publish","format-standard","hentry","category-showbiz"],"_links":{"self":[{"href":"https:\/\/indeks.bilten.mk\/index.php?rest_route=\/wp\/v2\/posts\/15062","targetHints":{"allow":["GET"]}}],"collection":[{"href":"https:\/\/indeks.bilten.mk\/index.php?rest_route=\/wp\/v2\/posts"}],"about":[{"href":"https:\/\/indeks.bilten.mk\/index.php?rest_route=\/wp\/v2\/types\/post"}],"author":[{"embeddable":true,"href":"https:\/\/indeks.bilten.mk\/index.php?rest_route=\/wp\/v2\/users\/14"}],"replies":[{"embeddable":true,"href":"https:\/\/indeks.bilten.mk\/index.php?rest_route=%2Fwp%2Fv2%2Fcomments&post=15062"}],"version-history":[{"count":0,"href":"https:\/\/indeks.bilten.mk\/index.php?rest_route=\/wp\/v2\/posts\/15062\/revisions"}],"wp:attachment":[{"href":"https:\/\/indeks.bilten.mk\/index.php?rest_route=%2Fwp%2Fv2%2Fmedia&parent=15062"}],"wp:term":[{"taxonomy":"category","embeddable":true,"href":"https:\/\/indeks.bilten.mk\/index.php?rest_route=%2Fwp%2Fv2%2Fcategories&post=15062"},{"taxonomy":"post_tag","embeddable":true,"href":"https:\/\/indeks.bilten.mk\/index.php?rest_route=%2Fwp%2Fv2%2Ftags&post=15062"}],"curies":[{"name":"wp","href":"https:\/\/api.w.org\/{rel}","templated":true}]}}