{"id":15065,"date":"2023-08-27T17:44:27","date_gmt":"2023-08-27T15:44:27","guid":{"rendered":"https:\/\/indeks.mk\/?p=15065"},"modified":"2023-08-27T17:44:27","modified_gmt":"2023-08-27T15:44:27","slug":"hyrja-e-rmv-se-ne-be-hap-treg-me-mbi-500-milione-euro-per-tregun-e-prodhimeve-bujqesore","status":"publish","type":"post","link":"https:\/\/indeks.bilten.mk\/?p=15065","title":{"rendered":"Hyrja e RMV-s\u00eb n\u00eb BE hap treg me mbi 500 milion\u00eb euro p\u00ebr tregun e prodhimeve bujq\u00ebsore"},"content":{"rendered":"<p>Vazhdimi i rrug\u00ebs son\u00eb evropiane siguron nj\u00eb t\u00eb ardhme t\u00eb q\u00ebndrueshme dhe t\u00eb sigurt p\u00ebr qytetar\u00ebt dhe shtetin, por gjithashtu hap mund\u00ebsi t\u00eb m\u00ebdha p\u00ebr zhvillimin dhe p\u00ebrmir\u00ebsimin e bujq\u00ebsis\u00eb dhe p\u00ebrfitime t\u00eb m\u00ebdha p\u00ebr fermer\u00ebt tha sot Trajan Dimkovski, kryetar i Komisionit p\u00ebr Bujq\u00ebsi, Pylltari dhe Uj\u00ebra.<\/p>\n<div class=\"code-block code-block-43 code-block-pas-paragrafit-2t-inarticle\">\n<div>\n<div class=\"code-block-label\">\u201cMe hyrjen n\u00eb BE na hapet nj\u00eb treg prej mbi 500 milion\u00eb konsumator\u00eb potencial\u00eb, ku fermer\u00ebt e Maqedonis\u00eb s\u00eb Veriut do t\u00eb mund t\u00eb ofrojn\u00eb dhe tregtojn\u00eb produktet e tyre. Bashkimi Evropian, p\u00ebrmes masave t\u00eb programit IPARD 3, deri m\u00eb tani ka ndar\u00eb gjithsej 217 milion\u00eb euro p\u00ebr mb\u00ebshtetje direkte p\u00ebr prodhuesit tan\u00eb bujq\u00ebsor\u00eb. Me an\u00ebtar\u00ebsimin e Maqedonis\u00eb n\u00eb Bashkimin Evropian, kjo mb\u00ebshtetje vet\u00ebm do t\u00eb rritet. Sipas p\u00ebrvojave t\u00eb m\u00ebparshme, fondet evropiane rriten 10-11 her\u00eb me an\u00ebtar\u00ebsimin n\u00eb BE\u201d \u2013 tha Dimk0vski.<\/div>\n<\/div>\n<\/div>\n<div class=\"ai-viewport-1\" data-insertion-position=\"prepend\" data-selector=\".ai-insert-1-51763276\" data-insertion-no-dbg=\"\" data-code=\"PGRpdiBjbGFzcz0nY29kZS1ibG9jayBjb2RlLWJsb2NrLTEgY29kZS1ibG9jay1pbmFydGljbGUtZGVza3RvcCcgc3R5bGU9J21hcmdpbjogOHB4IGF1dG87IHRleHQtYWxpZ246IGNlbnRlcjsgZGlzcGxheTogYmxvY2s7IGNsZWFyOiBib3RoOyB3aWR0aDogMzAwcHg7IGhlaWdodDogNDIwcHg7IGJhY2tncm91bmQtY29sb3I6ICNmZmZmZmY7Jz4KPGRpdiBzdHlsZT0icG9zaXRpb246IHN0aWNreTsgdG9wOiAxNXB4OyI+CjxkaXYgY2xhc3M9ImNvZGUtYmxvY2stbGFiZWwiPlJla2xhbWE8L2Rpdj4KPCEtLSBHUFQgQWRTbG90IDE3IGZvciBBZCB1bml0ICdJbi1hcnRpY2xlX2JveF8yJyAjIyMgU2l6ZTogW1szMDAsMjUwXSxbMSwxXV0gLS0+CjxkaXYgaWQ9J2luYXJ0aWNsZTInPgogIDxzY3JpcHQ+CiAgICBnb29nbGV0YWcuY21kLnB1c2goZnVuY3Rpb24oKSB7IGdvb2dsZXRhZy5kaXNwbGF5KCdpbmFydGljbGUyJyk7IH0pOwogIDwvc2NyaXB0Pgo8L2Rpdj4KPCEtLSBFbmQgQWRTbG90IDE3IC0tPgo8L2Rpdj4KPGRpdiBzdHlsZT0iIGhlaWdodDogMzkwcHg7Ij48L2Rpdj4KPC9kaXY+Cg==\" data-block=\"1\">\n<div class=\"code-block code-block-1 code-block-inarticle-desktop\">\n<div id=\"inarticle2\" data-google-query-id=\"CNat4tuW_YADFVTPOwIdeP8IhA\">\n<div><\/div>\n<div id=\"google_ads_iframe_\/22646657118\/In-article_box_2_0__container__\">Dimkovksi rikujtoi q\u00eb programin IPARD 3 po e nisim fillimisht n\u00eb rajon dhe se buxheti \u00ebsht\u00eb rritur p\u00ebr 62 %.\u201cJan\u00eb gjithsej 120 milion\u00eb euro fonde evropiane t\u00eb pakthyeshme p\u00ebr bujq\u00ebsin\u00eb. Vazhdimi i rrug\u00ebs evropiane \u00ebsht\u00eb ky\u00e7 p\u00ebr t\u00eb pasur ushqim vendas sa m\u00eb cil\u00ebsor dhe fermer\u00eb t\u00eb respektuar t\u00eb cil\u00ebve mundi dhe puna e tyre vler\u00ebsohet\u201d, tha Dimkovski<\/div>\n<\/div>\n<\/div>\n<\/div>\n","protected":false},"excerpt":{"rendered":"<p>Vazhdimi i rrug\u00ebs son\u00eb evropiane siguron nj\u00eb t\u00eb ardhme t\u00eb q\u00ebndrueshme dhe t\u00eb sigurt p\u00ebr qytetar\u00ebt dhe shtetin, por gjithashtu hap mund\u00ebsi t\u00eb m\u00ebdha p\u00ebr<\/p>\n","protected":false},"author":14,"featured_media":0,"comment_status":"open","ping_status":"open","sticky":false,"template":"","format":"standard","meta":{"footnotes":""},"categories":[44],"tags":[],"class_list":["post-15065","post","type-post","status-publish","format-standard","hentry","category-maqedoni"],"_links":{"self":[{"href":"https:\/\/indeks.bilten.mk\/index.php?rest_route=\/wp\/v2\/posts\/15065","targetHints":{"allow":["GET"]}}],"collection":[{"href":"https:\/\/indeks.bilten.mk\/index.php?rest_route=\/wp\/v2\/posts"}],"about":[{"href":"https:\/\/indeks.bilten.mk\/index.php?rest_route=\/wp\/v2\/types\/post"}],"author":[{"embeddable":true,"href":"https:\/\/indeks.bilten.mk\/index.php?rest_route=\/wp\/v2\/users\/14"}],"replies":[{"embeddable":true,"href":"https:\/\/indeks.bilten.mk\/index.php?rest_route=%2Fwp%2Fv2%2Fcomments&post=15065"}],"version-history":[{"count":0,"href":"https:\/\/indeks.bilten.mk\/index.php?rest_route=\/wp\/v2\/posts\/15065\/revisions"}],"wp:attachment":[{"href":"https:\/\/indeks.bilten.mk\/index.php?rest_route=%2Fwp%2Fv2%2Fmedia&parent=15065"}],"wp:term":[{"taxonomy":"category","embeddable":true,"href":"https:\/\/indeks.bilten.mk\/index.php?rest_route=%2Fwp%2Fv2%2Fcategories&post=15065"},{"taxonomy":"post_tag","embeddable":true,"href":"https:\/\/indeks.bilten.mk\/index.php?rest_route=%2Fwp%2Fv2%2Ftags&post=15065"}],"curies":[{"name":"wp","href":"https:\/\/api.w.org\/{rel}","templated":true}]}}