{"id":15070,"date":"2023-08-28T07:08:34","date_gmt":"2023-08-28T05:08:34","guid":{"rendered":"https:\/\/indeks.mk\/?p=15070"},"modified":"2023-08-28T07:08:34","modified_gmt":"2023-08-28T05:08:34","slug":"shtrengime-duarsh-biseda-e-fotografi-krejt-cka-ndodhi-ne-darke-mbremshme-ne-lubjane-te-sllovenise","status":"publish","type":"post","link":"https:\/\/indeks.bilten.mk\/?p=15070","title":{"rendered":"Shtr\u00ebngime duarsh, biseda e fotografi: Krejt \u00e7ka ndodhi n\u00eb dark\u00eb mbr\u00ebmshme n\u00eb Lubjan\u00eb t\u00eb Sllovenis\u00eb"},"content":{"rendered":"<div class=\"single__content\">\n<h2 class=\"single__title\"><strong>Kryeministri shqiptar, Edi Rama, ka publikuar disa fotografi nga darka e mbr\u00ebmshme n\u00eb Lubjan\u00eb t\u00eb Sllovenis\u00eb, ku pjes\u00eb e k\u00ebtij takimi qe edhe kryeministri kosovar, Albin Kurti.<\/strong><\/h2>\n<p>N\u00eb pamjet t\u00eb cilat mund t\u00eb shihen n\u00eb fotografi, ndahet nj\u00eb moment ku Rama dhe Kurti p\u00ebrsh\u00ebndeten mes vete me nj\u00eb shtr\u00ebngim duarsh pasuar edhe me t\u00eb qeshura.<\/p>\n<figure class=\"wp-block-image\"><img decoding=\"async\" class=\"wp-image-358061\" src=\"https:\/\/paparaci.com\/wp-content\/uploads\/2023\/08\/kur.jpg\" alt=\"\" \/><\/figure>\n<p>Aty shihet edhe kryeministri i Malit t\u00eb Zi, Dritan Abazoviq, i cili duket ta kishte rolin e nd\u00ebrmjet\u00ebsuesit p\u00ebr pajtimin Kurti-Rama.<ins><\/ins><\/p>\n<p>Madje n\u00eb nj\u00eb moment tjet\u00ebr, kryeministri kosovar Albin Kurti, shihet me at\u00eb t\u00eb Malit t\u00eb Zi, Dritan Abazoviq, duke ndar\u00eb nj\u00eb diskutim, nd\u00ebrsa t\u00eb tjer\u00eb t\u00eb pranish\u00ebm shkrepin fotografi n\u00eb ambient.<\/p>\n<div><\/div>\n<figure class=\"wp-block-image\"><img decoding=\"async\" class=\"wp-image-358062\" src=\"https:\/\/paparaci.com\/wp-content\/uploads\/2023\/08\/ra.jpg\" alt=\"\" \/><\/figure>\n<p>Tutje po n\u00eb nj\u00eb imazh tjet\u00ebr, \u00ebsht\u00eb po kryeministri kosovar, larg atij shqiptar, nd\u00ebrsa pran\u00eb k\u00ebtij t\u00eb fundit i shihet kryeministrja serbe, Ana B\u00ebrnabiq.<\/p>\n<p>Takimi u zhvillua n\u00eb dark\u00ebn e mikpritjes s\u00eb kryeministrit slloven, Robert Golob, n\u00eb vigjilje t\u00eb Forumit Strategjik t\u00eb Bledit q\u00eb pritet t\u00eb mbahet sot<\/p>\n<figure class=\"wp-block-image\"><img decoding=\"async\" class=\"wp-image-358063\" src=\"https:\/\/paparaci.com\/wp-content\/uploads\/2023\/08\/tak.jpg\" alt=\"\" \/><\/figure>\n<p>Kurti n\u00eb dark\u00ebn e pun\u00ebs s\u00eb kryeministrit t\u00eb Sllovenis\u00eb, \u00ebsht\u00eb par\u00eb teksa bisedon me kryeministrin e Malit t\u00eb Zi, Dritan Abazoviq dhe kryeministrin e Shqip\u00ebris\u00eb, Edi Ram\u00ebn, kjo pasi jan\u00eb ulur af\u00ebr nj\u00ebri-tjetrit.<\/p>\n<p>Ai ka th\u00ebn\u00eb se respekti ndaj minoriteteve dhe njohja reciproke parakushte p\u00ebr an\u00ebtar\u00ebsim n\u00eb Bashkimin Evropian.<\/p>\n<p>\u201dMesazhe inkurajuese nga Kryeministri i Sllovenis\u00eb Robert Golob mbi zgjerimin e BE-s\u00eb dhe mund\u00ebsit\u00eb p\u00ebr Ballkanin Per\u00ebndimor. Un\u00eb i b\u00ebra jehon\u00eb thirrjes p\u00ebr nj\u00eb qasje t\u00eb bazuar n\u00eb vlera ndaj an\u00ebtar\u00ebsimit n\u00eb BE, t\u00eb fokusuar n\u00eb respektimin e pakicave dhe me njohjen reciproke si parakusht\u201d, ka shkruar Kurti, n\u00eb platform\u00ebn X (ish\u00a0 Twitter) t\u00eb diel\u00ebn.<\/p>\n<p>Kurse, Ministrja e Pun\u00ebve t\u00eb Jashtme t\u00eb Sllovenis\u00eb, Tanja Fajon ka komentuar takimin duke e quajtur \u201cMbledhje t\u00eb madhe me t\u00eb gjith\u00eb lider\u00ebt e Ballkanit Per\u00ebndimor\u201d<\/p>\n<p>\u201cNe duhet t\u00eb mendojm\u00eb jasht\u00eb kornizave dhe t\u00eb p\u00ebrshpejtojm\u00eb procesin e zgjerimit. Procesi i bazuar n\u00eb vler\u00eb na bashkon. Sllovenia do t\u00eb vazhdoj\u00eb t\u00eb punoj\u00eb shum\u00eb p\u00ebr ta sjell\u00eb Ballkanin Per\u00ebndimor\u00eb m\u00eb af\u00ebr Bashkimit Evropian\u201d, ka shkruar Fajon n\u00eb platform\u00ebn X.<\/p>\n<figure class=\"wp-block-image\"><img decoding=\"async\" class=\"wp-image-850031\" src=\"https:\/\/reporteri.net\/wp-content\/uploads\/2023\/08\/Screenshot_1-28.png\" alt=\"\" \/><\/figure>\n<p>&nbsp;<\/p>\n<p>&nbsp;<\/p>\n<div class=\"lm-zs-enabled overlay-plain\" data-lm-zs-src=\"[&quot;https:\/\/www.gazetaexpress.com\/wp-content\/uploads\/2023\/08\/kurti-1.jpg&quot;, &quot;https:\/\/www.gazetaexpress.com\/wp-content\/uploads\/2022\/12\/gjykata-speciale.jpg&quot;, &quot;https:\/\/www.gazetaexpress.com\/wp-content\/uploads\/2023\/08\/K-7.jpg&quot;, &quot;https:\/\/www.gazetaexpress.com\/wp-content\/uploads\/2023\/08\/369692754_681670300662392_8225959323204848383_n.jpg&quot;]\">\n<div class=\"lm-zs-slideshow\">\n<div class=\"lm-click-for-story\">\n<div class=\"lm-click-for-right-story\"><\/div>\n<\/div>\n<div class=\"lm-zs-slides\">\n<div class=\"lm-zs-slide lm-zs-slide-0 passed active\"><\/div>\n<div class=\"lm-zs-slide lm-zs-slide-1 passed active\"><\/div>\n<div class=\"lm-zs-slide lm-zs-slide-2 passed\"><\/div>\n<div class=\"lm-zs-slide lm-zs-slide-3 passed\"><\/div>\n<\/div>\n<div class=\"lm-zs-bullets\">\n<div class=\"lm-zs-bullet lm-zs-bullet-0 passed\"><\/div>\n<div class=\"lm-zs-bullet lm-zs-bullet-1 active\"><\/div>\n<div class=\"lm-zs-bullet lm-zs-bullet-2\"><\/div>\n<div class=\"lm-zs-bullet lm-zs-bullet-3\"><\/div>\n<\/div>\n<\/div>\n<\/div>\n<\/div>\n","protected":false},"excerpt":{"rendered":"<p>Kryeministri shqiptar, Edi Rama, ka publikuar disa fotografi nga darka e mbr\u00ebmshme n\u00eb Lubjan\u00eb t\u00eb Sllovenis\u00eb, ku pjes\u00eb e k\u00ebtij takimi qe edhe kryeministri kosovar,<\/p>\n","protected":false},"author":14,"featured_media":0,"comment_status":"open","ping_status":"open","sticky":false,"template":"","format":"standard","meta":{"footnotes":""},"categories":[45],"tags":[],"class_list":["post-15070","post","type-post","status-publish","format-standard","hentry","category-rajoni"],"_links":{"self":[{"href":"https:\/\/indeks.bilten.mk\/index.php?rest_route=\/wp\/v2\/posts\/15070","targetHints":{"allow":["GET"]}}],"collection":[{"href":"https:\/\/indeks.bilten.mk\/index.php?rest_route=\/wp\/v2\/posts"}],"about":[{"href":"https:\/\/indeks.bilten.mk\/index.php?rest_route=\/wp\/v2\/types\/post"}],"author":[{"embeddable":true,"href":"https:\/\/indeks.bilten.mk\/index.php?rest_route=\/wp\/v2\/users\/14"}],"replies":[{"embeddable":true,"href":"https:\/\/indeks.bilten.mk\/index.php?rest_route=%2Fwp%2Fv2%2Fcomments&post=15070"}],"version-history":[{"count":0,"href":"https:\/\/indeks.bilten.mk\/index.php?rest_route=\/wp\/v2\/posts\/15070\/revisions"}],"wp:attachment":[{"href":"https:\/\/indeks.bilten.mk\/index.php?rest_route=%2Fwp%2Fv2%2Fmedia&parent=15070"}],"wp:term":[{"taxonomy":"category","embeddable":true,"href":"https:\/\/indeks.bilten.mk\/index.php?rest_route=%2Fwp%2Fv2%2Fcategories&post=15070"},{"taxonomy":"post_tag","embeddable":true,"href":"https:\/\/indeks.bilten.mk\/index.php?rest_route=%2Fwp%2Fv2%2Ftags&post=15070"}],"curies":[{"name":"wp","href":"https:\/\/api.w.org\/{rel}","templated":true}]}}