{"id":15073,"date":"2023-08-28T07:11:15","date_gmt":"2023-08-28T05:11:15","guid":{"rendered":"https:\/\/indeks.mk\/?p=15073"},"modified":"2023-08-28T07:11:15","modified_gmt":"2023-08-28T05:11:15","slug":"kete-jave-tri-seanca-ne-ceshtjen-gjyqesore-thaci-dhe-te-tjeret","status":"publish","type":"post","link":"https:\/\/indeks.bilten.mk\/?p=15073","title":{"rendered":"K\u00ebt\u00eb jav\u00eb tri seanca n\u00eb \u00e7\u00ebshtjen gjyq\u00ebsore `Tha\u00e7i dhe t\u00eb tjer\u00ebt`"},"content":{"rendered":"<div class=\"single__content\">\n<p>Gjykimi ndaj Hashim Tha\u00e7it, Kadri Veselit, Rexhep Selimit dhe Jakup Krasniqit n\u00eb Dhomat e Specializuara t\u00eb Kosov\u00ebs (DhSK) n\u00eb Hag\u00eb, vazhdon sot.<\/p>\n<p>Ndryshe n\u00eb \u00e7\u00ebshtjen gjyq\u00ebsore Tha\u00e7i dhe t\u00eb tjer\u00ebt, versioni i redaktuar i \u201cRaportit t\u00eb Kat\u00ebrmb\u00ebdhjet\u00eb mbi K\u00ebrkesat eViktimave p\u00ebr Pjes\u00ebmarrje n\u00eb Proces\u201d, i cili fillimisht u dor\u00ebzua si konfidencial, u b\u00eb publik m\u00eb 23 gusht.<\/p>\n<p>N\u00eb k\u00ebt\u00eb raport, Zyra e Pjes\u00ebmarrjes s\u00eb Viktimave i p\u00ebrcolli Trupit Gjykues k\u00ebrkesat e n\u00ebnt\u00eb viktimave, me rekomandimin q\u00eb ato t\u00eb pranohen t\u00eb marrin pjes\u00eb n\u00eb proces si pjes\u00eb e grupit t\u00eb viktimave pjes\u00ebmarr\u00ebse.<\/p>\n<p>N\u00eb t\u00eb nj\u00ebjt\u00ebn \u00e7\u00ebshtje, m\u00eb 23 gusht, Paneli i Gjykat\u00ebs s\u00eb Apelit hodhi posht\u00eb nj\u00eb apel t\u00eb Mbrojtjes ku kund\u00ebrshtohej vendimi i Trupit Gjykues p\u00ebr t\u2019i lejuar ZPS-s\u00eb t\u00eb paraqiste p\u00ebr pranim prova t\u00eb cilat nuk kishin lidhje t\u00eb drejtp\u00ebrdrejt\u00eb me ndonj\u00eb prej d\u00ebshmive t\u00eb d\u00ebshmitar\u00ebve.<\/p>\n<p>M\u00eb 16 gusht, Trupi Gjykues urdh\u00ebroi vazhdimin e paraburgimit t\u00eb Hashim Tha\u00e7it dhe Kadri Veselit. Trupi Gjykues konstatoi se ekziston rrezik i mjaftuesh\u00ebm q\u00eb z. Tha\u00e7i dhe z. Veseli t\u00eb pengojn\u00eb ecurin\u00eb e procesit dhe t\u00eb kryejn\u00eb krime t\u00eb tjera.<\/p>\n<p>Ndryshe n\u00eb \u00e7\u00ebshtjen gjyq\u00ebsore Tha\u00e7i dhe t\u00eb tjer\u00ebt, p\u00ebr k\u00ebt\u00eb jav\u00eb do t\u00eb mbahen tri seanca.<\/p>\n<p>&nbsp;<\/p>\n<div class=\"lm-zs-enabled overlay-plain\" data-lm-zs-src=\"[&quot;https:\/\/www.gazetaexpress.com\/wp-content\/uploads\/2023\/08\/moti-1.png&quot;, &quot;https:\/\/www.gazetaexpress.com\/wp-content\/uploads\/2023\/08\/q-2.jpg&quot;, &quot;https:\/\/www.gazetaexpress.com\/wp-content\/uploads\/2023\/08\/horoskopi-1-1.jpg&quot;, &quot;https:\/\/www.gazetaexpress.com\/wp-content\/uploads\/2023\/08\/kurti-1.jpg&quot;]\">\n<div class=\"lm-zs-slideshow\">\n<div class=\"lm-zs-slides\">\n<div class=\"lm-zs-slide lm-zs-slide-0 passed\"><\/div>\n<div class=\"lm-zs-slide lm-zs-slide-1 passed\"><\/div>\n<div class=\"lm-zs-slide lm-zs-slide-2 passed\"><\/div>\n<div class=\"lm-zs-slide lm-zs-slide-3 active\"><\/div>\n<\/div>\n<div class=\"lm-zs-bullets\">\n<div class=\"lm-zs-bullet lm-zs-bullet-0 passed\"><\/div>\n<div class=\"lm-zs-bullet lm-zs-bullet-1 passed\"><\/div>\n<div class=\"lm-zs-bullet lm-zs-bullet-2 passed\"><\/div>\n<div class=\"lm-zs-bullet lm-zs-bullet-3 active\"><\/div>\n<\/div>\n<\/div>\n<\/div>\n<\/div>\n","protected":false},"excerpt":{"rendered":"<p>Gjykimi ndaj Hashim Tha\u00e7it, Kadri Veselit, Rexhep Selimit dhe Jakup Krasniqit n\u00eb Dhomat e Specializuara t\u00eb Kosov\u00ebs (DhSK) n\u00eb Hag\u00eb, vazhdon sot. Ndryshe n\u00eb \u00e7\u00ebshtjen<\/p>\n","protected":false},"author":14,"featured_media":0,"comment_status":"open","ping_status":"open","sticky":false,"template":"","format":"standard","meta":{"footnotes":""},"categories":[45],"tags":[],"class_list":["post-15073","post","type-post","status-publish","format-standard","hentry","category-rajoni"],"_links":{"self":[{"href":"https:\/\/indeks.bilten.mk\/index.php?rest_route=\/wp\/v2\/posts\/15073","targetHints":{"allow":["GET"]}}],"collection":[{"href":"https:\/\/indeks.bilten.mk\/index.php?rest_route=\/wp\/v2\/posts"}],"about":[{"href":"https:\/\/indeks.bilten.mk\/index.php?rest_route=\/wp\/v2\/types\/post"}],"author":[{"embeddable":true,"href":"https:\/\/indeks.bilten.mk\/index.php?rest_route=\/wp\/v2\/users\/14"}],"replies":[{"embeddable":true,"href":"https:\/\/indeks.bilten.mk\/index.php?rest_route=%2Fwp%2Fv2%2Fcomments&post=15073"}],"version-history":[{"count":0,"href":"https:\/\/indeks.bilten.mk\/index.php?rest_route=\/wp\/v2\/posts\/15073\/revisions"}],"wp:attachment":[{"href":"https:\/\/indeks.bilten.mk\/index.php?rest_route=%2Fwp%2Fv2%2Fmedia&parent=15073"}],"wp:term":[{"taxonomy":"category","embeddable":true,"href":"https:\/\/indeks.bilten.mk\/index.php?rest_route=%2Fwp%2Fv2%2Fcategories&post=15073"},{"taxonomy":"post_tag","embeddable":true,"href":"https:\/\/indeks.bilten.mk\/index.php?rest_route=%2Fwp%2Fv2%2Ftags&post=15073"}],"curies":[{"name":"wp","href":"https:\/\/api.w.org\/{rel}","templated":true}]}}