{"id":15099,"date":"2023-08-28T10:14:47","date_gmt":"2023-08-28T08:14:47","guid":{"rendered":"https:\/\/indeks.mk\/?p=15099"},"modified":"2023-08-28T10:16:20","modified_gmt":"2023-08-28T08:16:20","slug":"grubi-brenda-vmro-se-ka-deputet-qe-nuk-pajtohen-me-mickoskin-atij-i-pengon-fuqizimi-i-bdi-se-dhe-shqiptareve","status":"publish","type":"post","link":"https:\/\/indeks.bilten.mk\/?p=15099","title":{"rendered":"Grubi: Brenda VMRO-s\u00eb ka deputet q\u00eb nuk pajtohen me Mickoskin, atij i pengon fuqizimi i BDI-s\u00eb dhe shqiptar\u00ebve"},"content":{"rendered":"<p>Z\u00ebvend\u00ebskryeministri i par\u00eb i Maqedonis\u00eb s\u00eb Veriut, Artan n\u00eb nj\u00eb prononcim n\u00eb Eurone\u00ebs ka folur p\u00ebr ndryshimet Kushtetuese dhe kusht\u00ebzimet e VMRO-s\u00eb, raporton indeks.mk<\/p>\n<p>Ai ka th\u00ebn\u00eb se Mickoski \u00ebsht\u00eb duke i\u2019u b\u00ebr\u00eb presion deputet\u00ebve t\u00eb VMRO-s\u00eb q\u00eb ata t\u00eb mos i votojn\u00eb ndryshimet Kushtetuese.<\/p>\n<p><em><strong>\u201cI njohim, kemi qeverisur bashk\u00eb, flasim, kam biseduar edhe personalisht me disa deputet t\u00eb VMRO-s\u00eb. Presin t\u00eb \u00e7lirohen nga presioni q\u00eb po i b\u00ebhet nga kryetari i VMRO-s\u00eb\u201d, tha Grubi.<\/strong><\/em><\/p>\n<p>Shtoi se kreu i VMRO-s\u00eb nuk \u00ebsht\u00eb deputet dhe se pik\u00ebrisht atij, i pengon fuqia e shqiptar\u00ebve, rrespektivisht fuqia e BDI-s\u00eb n\u00eb k\u00ebt\u00eb Qeveri.<\/p>\n<p><em><strong>\u201cPo i pengon fuqizimi i shqiptar\u00ebve, respektivisht, fuqia politike e BDI-s\u00eb q\u00eb udh\u00ebheq me dikasteret kryesore, ministrit\u00eb kryesore n\u00eb vendin ton\u00eb. Po \u00e7ojm\u00eb p\u00ebrpara, projekte q\u00eb me dekada nuk jan\u00eb p\u00ebrmendur fare\u201d, deklaroi Grubi.<\/strong><\/em>\/indeks.mk\/<\/p>\n<p><iframe loading=\"lazy\" src=\"https:\/\/www.facebook.com\/plugins\/video.php?height=314&#038;href=https%3A%2F%2Fwww.facebook.com%2FArtanGrubi%2Fvideos%2F1013351263327377%2F&#038;show_text=false&#038;width=560&#038;t=0\" width=\"560\" height=\"314\" style=\"border:none;overflow:hidden\" scrolling=\"no\" frameborder=\"0\" allowfullscreen=\"true\" allow=\"autoplay; clipboard-write; encrypted-media; picture-in-picture; web-share\" allowFullScreen=\"true\"><\/iframe><\/p>\n","protected":false},"excerpt":{"rendered":"<p>Z\u00ebvend\u00ebskryeministri i par\u00eb i Maqedonis\u00eb s\u00eb Veriut, Artan n\u00eb nj\u00eb prononcim n\u00eb Eurone\u00ebs ka folur p\u00ebr ndryshimet Kushtetuese dhe kusht\u00ebzimet e VMRO-s\u00eb, raporton indeks.mk Ai<\/p>\n","protected":false},"author":14,"featured_media":0,"comment_status":"open","ping_status":"open","sticky":false,"template":"","format":"standard","meta":{"footnotes":""},"categories":[44],"tags":[],"class_list":["post-15099","post","type-post","status-publish","format-standard","hentry","category-maqedoni"],"_links":{"self":[{"href":"https:\/\/indeks.bilten.mk\/index.php?rest_route=\/wp\/v2\/posts\/15099","targetHints":{"allow":["GET"]}}],"collection":[{"href":"https:\/\/indeks.bilten.mk\/index.php?rest_route=\/wp\/v2\/posts"}],"about":[{"href":"https:\/\/indeks.bilten.mk\/index.php?rest_route=\/wp\/v2\/types\/post"}],"author":[{"embeddable":true,"href":"https:\/\/indeks.bilten.mk\/index.php?rest_route=\/wp\/v2\/users\/14"}],"replies":[{"embeddable":true,"href":"https:\/\/indeks.bilten.mk\/index.php?rest_route=%2Fwp%2Fv2%2Fcomments&post=15099"}],"version-history":[{"count":0,"href":"https:\/\/indeks.bilten.mk\/index.php?rest_route=\/wp\/v2\/posts\/15099\/revisions"}],"wp:attachment":[{"href":"https:\/\/indeks.bilten.mk\/index.php?rest_route=%2Fwp%2Fv2%2Fmedia&parent=15099"}],"wp:term":[{"taxonomy":"category","embeddable":true,"href":"https:\/\/indeks.bilten.mk\/index.php?rest_route=%2Fwp%2Fv2%2Fcategories&post=15099"},{"taxonomy":"post_tag","embeddable":true,"href":"https:\/\/indeks.bilten.mk\/index.php?rest_route=%2Fwp%2Fv2%2Ftags&post=15099"}],"curies":[{"name":"wp","href":"https:\/\/api.w.org\/{rel}","templated":true}]}}