{"id":15102,"date":"2023-08-28T10:16:38","date_gmt":"2023-08-28T08:16:38","guid":{"rendered":"https:\/\/indeks.mk\/?p=15102"},"modified":"2023-08-28T10:16:38","modified_gmt":"2023-08-28T08:16:38","slug":"grubi-sfidon-vmro-ne-votoni-ndryshimet-kushtetuese-dhe-shperbehet-parlamenti","status":"publish","type":"post","link":"https:\/\/indeks.bilten.mk\/?p=15102","title":{"rendered":"Grubi sfidon VMRO-n\u00eb: Votoni Ndryshimet Kushtetuese dhe shp\u00ebrb\u00ebhet parlamenti"},"content":{"rendered":"<p>Z\u00ebvend\u00ebskryeministri i par\u00eb i vendit, Artan Grubi n\u00eb nj\u00eb prononcim n\u00eb Eurone\u00ebs ka l\u00ebshuar nj\u00eb sfid\u00eb p\u00ebr kreun e VMRO-s\u00eb, Hristian Mickoski dhe deputet\u00ebt e opozit\u00ebs, t\u00eb cil\u00ebt k\u00ebrkojn\u00eb zgjedhje t\u00eb parakohshme, raporton indeks.mk<\/p>\n<p>N\u00eb paraqitjen e tij, Grubi ka th\u00ebn\u00eb se n\u00ebse VMRO-ja e ka sinqerisht k\u00ebrkes\u00ebn p\u00ebr zgjedhje sa m\u00eb t\u00eb shpejta ata duhet t\u00eb votojn\u00eb ndryshimet kushtetuese dhe pik\u00eb e dyt\u00eb e rendit t\u00eb dit\u00ebs n\u00eb po t\u00eb nj\u00ebjt\u00ebn seanc\u00eb do t\u00eb jet\u00eb shp\u00ebrb\u00ebrja e parlamentit dhe shkuarja n\u00eb zgjedhje t\u00eb parakohshme.<\/p>\n<p>\u201cPo e sfidoj VMRO-n\u00eb, n\u00ebse duan zgjedhje t\u00eb parakohshme po ju them, votoni ndryshimet Kushtetuese dhe n\u00eb t\u00eb nj\u00ebjt\u00ebn seanc\u00eb, pik\u00eb e dyt\u00eb e rendit t\u00eb dit\u00ebs do t\u00eb jet\u00eb propozimi p\u00ebr shp\u00ebrb\u00ebrjen e parlamentit dhe shkuarja n\u00eb zgjedhje dhe ne do ta votojm\u00eb\u201d, ka th\u00ebn\u00eb Grubi.<\/p>\n<p><iframe loading=\"lazy\" src=\"https:\/\/www.facebook.com\/plugins\/video.php?height=314&#038;href=https%3A%2F%2Fwww.facebook.com%2FArtanGrubi%2Fvideos%2F1013351263327377%2F&#038;show_text=false&#038;width=560&#038;t=0\" width=\"560\" height=\"314\" style=\"border:none;overflow:hidden\" scrolling=\"no\" frameborder=\"0\" allowfullscreen=\"true\" allow=\"autoplay; clipboard-write; encrypted-media; picture-in-picture; web-share\" allowFullScreen=\"true\"><\/iframe><\/p>\n","protected":false},"excerpt":{"rendered":"<p>Z\u00ebvend\u00ebskryeministri i par\u00eb i vendit, Artan Grubi n\u00eb nj\u00eb prononcim n\u00eb Eurone\u00ebs ka l\u00ebshuar nj\u00eb sfid\u00eb p\u00ebr kreun e VMRO-s\u00eb, Hristian Mickoski dhe deputet\u00ebt e<\/p>\n","protected":false},"author":14,"featured_media":0,"comment_status":"open","ping_status":"open","sticky":false,"template":"","format":"standard","meta":{"footnotes":""},"categories":[44],"tags":[],"class_list":["post-15102","post","type-post","status-publish","format-standard","hentry","category-maqedoni"],"_links":{"self":[{"href":"https:\/\/indeks.bilten.mk\/index.php?rest_route=\/wp\/v2\/posts\/15102","targetHints":{"allow":["GET"]}}],"collection":[{"href":"https:\/\/indeks.bilten.mk\/index.php?rest_route=\/wp\/v2\/posts"}],"about":[{"href":"https:\/\/indeks.bilten.mk\/index.php?rest_route=\/wp\/v2\/types\/post"}],"author":[{"embeddable":true,"href":"https:\/\/indeks.bilten.mk\/index.php?rest_route=\/wp\/v2\/users\/14"}],"replies":[{"embeddable":true,"href":"https:\/\/indeks.bilten.mk\/index.php?rest_route=%2Fwp%2Fv2%2Fcomments&post=15102"}],"version-history":[{"count":0,"href":"https:\/\/indeks.bilten.mk\/index.php?rest_route=\/wp\/v2\/posts\/15102\/revisions"}],"wp:attachment":[{"href":"https:\/\/indeks.bilten.mk\/index.php?rest_route=%2Fwp%2Fv2%2Fmedia&parent=15102"}],"wp:term":[{"taxonomy":"category","embeddable":true,"href":"https:\/\/indeks.bilten.mk\/index.php?rest_route=%2Fwp%2Fv2%2Fcategories&post=15102"},{"taxonomy":"post_tag","embeddable":true,"href":"https:\/\/indeks.bilten.mk\/index.php?rest_route=%2Fwp%2Fv2%2Ftags&post=15102"}],"curies":[{"name":"wp","href":"https:\/\/api.w.org\/{rel}","templated":true}]}}