{"id":15105,"date":"2023-08-28T10:29:51","date_gmt":"2023-08-28T08:29:51","guid":{"rendered":"https:\/\/indeks.mk\/?p=15105"},"modified":"2023-08-28T10:33:07","modified_gmt":"2023-08-28T08:33:07","slug":"grubi-marredhenijet-me-kurtin-korrekte-opozita-e-keqperdori-ardhjen-e-tij-vendimet-i-merr-qeveria-jo-komunat","status":"publish","type":"post","link":"https:\/\/indeks.bilten.mk\/?p=15105","title":{"rendered":"Grubi: Mar\u00ebdh\u00ebnijet me Kurtin korrekte, opozita e keqp\u00ebrdori ardhjen e tij, vendimet i merr Qeveria, jo komunat"},"content":{"rendered":"<p>Duke folur p\u00ebr raportet me kryeministrin e Republik\u00ebs s\u00eb Kosov\u00ebs, Albin Kurti dhe ardhjen e tij n\u00eb \u00c7air dhe Tetov\u00eb z\u00ebvend\u00ebskryeministri i par\u00eb, Artan Grubi ka th\u00ebn\u00eb se raportet me Qeverin\u00eb e Kosov\u00ebs dhe kryeministrin jan\u00eb korrekte dhe institucionale, si me \u00e7do Qeveri tjet\u00ebr q\u00eb ka pasur Kosova., raporton indeks.mk<\/p>\n<p><em>\u201cMar\u00ebdh\u00ebnijet jan\u00eb korrekte institucionale, n\u00eb vecanti z.Ahmeti dhe ne pas tij. Me cil\u00ebndo  qoft\u00eb Qeveri, e jo me parti politike, marr\u00ebdh\u00ebnijet jan\u00eb korrekte dhe komunikimi i till\u00eb\u201d, tha Grubi.<\/em><strong><\/p>\n<p>Ai vler\u00ebson se ardhja e Kurtit n\u00eb \u00c7air dhe Tetov\u00eb \u00ebsht\u00eb keqp\u00ebrdorur nga ana e partive opozitare shqiptare. Sipas tij, vendimet e zbuluara n\u00eb tubimet respective jan\u00eb marr\u00eb nga ana e Qeveris\u00eb dhe projektet e \u201cparalajm\u00ebruara\u201d, si rruga, Prizren-Tetov\u00eb b\u00ebhen kryekupt nga ana e Qeveris\u00eb s\u00eb Maqedonis\u00eb n\u00eb bashk\u00ebpunim me at\u00eb t\u00eb Kosov\u00ebs.<\/p>\n<p><em><strong>\u201cAmbasata e SHBA-ve tha se vizita e Kurtit ishte padobishme, ne vler\u00ebsuam se ishte keqp\u00ebrdorur nga opozita shqiptare. Vendimet t\u00eb cilat i b\u00ebn\u00eb publike n\u00eb ato tubime kan\u00eb kaluar n\u00eb Qeveri. Vendimi p\u00ebr em\u00ebrtimin e rrug\u00ebs n\u00eb Komun\u00ebn e \u00c7airit ka kaluar n\u00eb Qeveri, at\u00eb seanc\u00eb e kam\u00eb udh\u00ebhequr un\u00eb personalisht. Edhe rruga Prizren Tetov\u00eb b\u00ebhet kryekput nga Qeveria\u201d, deklaroi Grubi.<\/strong><\/em><\/p>\n<p><iframe loading=\"lazy\" src=\"https:\/\/www.facebook.com\/plugins\/video.php?height=314&#038;href=https%3A%2F%2Fwww.facebook.com%2FArtanGrubi%2Fvideos%2F1013351263327377%2F&#038;show_text=false&#038;width=560&#038;t=0\" width=\"560\" height=\"314\" style=\"border:none;overflow:hidden\" scrolling=\"no\" frameborder=\"0\" allowfullscreen=\"true\" allow=\"autoplay; clipboard-write; encrypted-media; picture-in-picture; web-share\" allowFullScreen=\"true\"><\/iframe><\/p>\n","protected":false},"excerpt":{"rendered":"<p>Duke folur p\u00ebr raportet me kryeministrin e Republik\u00ebs s\u00eb Kosov\u00ebs, Albin Kurti dhe ardhjen e tij n\u00eb \u00c7air dhe Tetov\u00eb z\u00ebvend\u00ebskryeministri i par\u00eb, Artan Grubi<\/p>\n","protected":false},"author":14,"featured_media":0,"comment_status":"open","ping_status":"open","sticky":false,"template":"","format":"standard","meta":{"footnotes":""},"categories":[44],"tags":[],"class_list":["post-15105","post","type-post","status-publish","format-standard","hentry","category-maqedoni"],"_links":{"self":[{"href":"https:\/\/indeks.bilten.mk\/index.php?rest_route=\/wp\/v2\/posts\/15105","targetHints":{"allow":["GET"]}}],"collection":[{"href":"https:\/\/indeks.bilten.mk\/index.php?rest_route=\/wp\/v2\/posts"}],"about":[{"href":"https:\/\/indeks.bilten.mk\/index.php?rest_route=\/wp\/v2\/types\/post"}],"author":[{"embeddable":true,"href":"https:\/\/indeks.bilten.mk\/index.php?rest_route=\/wp\/v2\/users\/14"}],"replies":[{"embeddable":true,"href":"https:\/\/indeks.bilten.mk\/index.php?rest_route=%2Fwp%2Fv2%2Fcomments&post=15105"}],"version-history":[{"count":0,"href":"https:\/\/indeks.bilten.mk\/index.php?rest_route=\/wp\/v2\/posts\/15105\/revisions"}],"wp:attachment":[{"href":"https:\/\/indeks.bilten.mk\/index.php?rest_route=%2Fwp%2Fv2%2Fmedia&parent=15105"}],"wp:term":[{"taxonomy":"category","embeddable":true,"href":"https:\/\/indeks.bilten.mk\/index.php?rest_route=%2Fwp%2Fv2%2Fcategories&post=15105"},{"taxonomy":"post_tag","embeddable":true,"href":"https:\/\/indeks.bilten.mk\/index.php?rest_route=%2Fwp%2Fv2%2Ftags&post=15105"}],"curies":[{"name":"wp","href":"https:\/\/api.w.org\/{rel}","templated":true}]}}