{"id":15118,"date":"2023-08-28T12:54:04","date_gmt":"2023-08-28T10:54:04","guid":{"rendered":"https:\/\/indeks.mk\/?p=15118"},"modified":"2023-08-28T12:54:50","modified_gmt":"2023-08-28T10:54:50","slug":"deralla-partite-e-reja-te-vogla-politiken-e-bejne-per-perfitime-personale","status":"publish","type":"post","link":"https:\/\/indeks.bilten.mk\/?p=15118","title":{"rendered":"Deralla: Partit\u00eb e reja, \u201ct\u00eb vogla\u201d politik\u00ebn e b\u00ebjn\u00eb p\u00ebr p\u00ebrfitime personale"},"content":{"rendered":"<p>Njoh\u00ebsi i rrethanave politke n\u00eb vendin ton\u00eb, Xhabir Deralla n\u00eb nj\u00eb prononcim p\u00ebr indeks.mk ka folur p\u00ebr formimin e partive t\u00eb reja politike dhe jet\u00ebgjat\u00ebsin\u00eb e tyre.<\/p>\n<p>Sipas Derall\u00ebs kemi shembuj q\u00eb num\u00ebr i madh\u00eb i partive politike kan\u00eb jetuar shum\u00eb shkurt\u00eb n\u00eb sken\u00ebn politike dhe kan\u00eb p\u00ebrfunduar si t\u00eb tilla.<\/p>\n<p>Shton se \u201cmikro partit\u00eb\u201d q\u00eb drejtimin e nd\u00ebrrojn\u00eb shpesh, politik\u00ebn e shohin p\u00ebr interesa dhe p\u00ebrfitime personale dhe n\u00eb ta nuk ka fare vlera.<\/p>\n<p>\u201cShohim edhe parti t\u00eb vogla, q\u00eb mund t\u2019i quajm\u00eb edhe \u201cmikro parti\u201d, t\u00eb cilat me sukses \u201cnotojn\u00eb\u201d nga nj\u00ebra tek tjetra parti e madhe, apo si thon\u00eb njer\u00ebzit, din\u00eb t\u00eb \u201cinponohen\u201d n\u00eb dhe t\u00eb mbijetojn\u00eb n\u00eb nj\u00eb form\u00eb. Ne n\u00eb vendin ton\u00eb, partit\u00eb e tilla i quajm\u00eb \u201cpajton parti\u201d, q\u00eb arrijn\u00eb t\u00eb ngjiten n\u00eb nj\u00eb nga pajtonet dhe t\u00eb ndrrojn\u00eb shpesh drejtimin dhe e gjejn\u00eb gjahun, p\u00ebr ta paguar veten. Ata politik\u00ebn e shohin si aktivitet q\u00eb ju sjell p\u00ebrfitime personale, megjithat\u00eb aty nuk ka vlera. N\u00eb peshore vendoset edhe kontributi i secil\u00ebs parti, qoft\u00eb e vog\u00ebl ose e madhe drejt orientimit demokratik t\u00eb vendit, drejt\u00eb evropianizimit t\u00eb vendit dhe mir\u00ebqenijes sociale t\u00eb vet\u00eb qytetar\u00ebve\u201d, ka deklaruar Deralla.\/indeks.mk\/<\/p>\n<p>https:\/\/fb.watch\/mIdDLx-YWZ\/?mibextid=Nif5oz<\/p>\n","protected":false},"excerpt":{"rendered":"<p>Njoh\u00ebsi i rrethanave politke n\u00eb vendin ton\u00eb, Xhabir Deralla n\u00eb nj\u00eb prononcim p\u00ebr indeks.mk ka folur p\u00ebr formimin e partive t\u00eb reja politike dhe jet\u00ebgjat\u00ebsin\u00eb<\/p>\n","protected":false},"author":14,"featured_media":0,"comment_status":"open","ping_status":"open","sticky":false,"template":"","format":"standard","meta":{"footnotes":""},"categories":[44],"tags":[],"class_list":["post-15118","post","type-post","status-publish","format-standard","hentry","category-maqedoni"],"_links":{"self":[{"href":"https:\/\/indeks.bilten.mk\/index.php?rest_route=\/wp\/v2\/posts\/15118","targetHints":{"allow":["GET"]}}],"collection":[{"href":"https:\/\/indeks.bilten.mk\/index.php?rest_route=\/wp\/v2\/posts"}],"about":[{"href":"https:\/\/indeks.bilten.mk\/index.php?rest_route=\/wp\/v2\/types\/post"}],"author":[{"embeddable":true,"href":"https:\/\/indeks.bilten.mk\/index.php?rest_route=\/wp\/v2\/users\/14"}],"replies":[{"embeddable":true,"href":"https:\/\/indeks.bilten.mk\/index.php?rest_route=%2Fwp%2Fv2%2Fcomments&post=15118"}],"version-history":[{"count":0,"href":"https:\/\/indeks.bilten.mk\/index.php?rest_route=\/wp\/v2\/posts\/15118\/revisions"}],"wp:attachment":[{"href":"https:\/\/indeks.bilten.mk\/index.php?rest_route=%2Fwp%2Fv2%2Fmedia&parent=15118"}],"wp:term":[{"taxonomy":"category","embeddable":true,"href":"https:\/\/indeks.bilten.mk\/index.php?rest_route=%2Fwp%2Fv2%2Fcategories&post=15118"},{"taxonomy":"post_tag","embeddable":true,"href":"https:\/\/indeks.bilten.mk\/index.php?rest_route=%2Fwp%2Fv2%2Ftags&post=15118"}],"curies":[{"name":"wp","href":"https:\/\/api.w.org\/{rel}","templated":true}]}}