{"id":15122,"date":"2023-08-28T15:48:33","date_gmt":"2023-08-28T13:48:33","guid":{"rendered":"https:\/\/indeks.mk\/?p=15122"},"modified":"2023-08-28T15:48:33","modified_gmt":"2023-08-28T13:48:33","slug":"kovacevski-plenkoviq-maqedonia-e-veriut-ne-be-eshte-mekanizmi-me-i-mire-per-perparimin-e-vendit","status":"publish","type":"post","link":"https:\/\/indeks.bilten.mk\/?p=15122","title":{"rendered":"Kova\u00e7evski \u2013 Plenkoviq: Maqedonia e Veriut n\u00eb BE \u00ebsht\u00eb mekanizmi m\u00eb i mir\u00eb p\u00ebr p\u00ebrparimin e vendit"},"content":{"rendered":"<div class=\"article-type lajme\">\n<div class=\"container\">\n<div class=\"content-container flex\">\n<div class=\"flex__col--8 flex__col--mobile-12\">\n<div class=\"single__article--items\">\n<div class=\"single__article--content\" data-io-article-url=\"https:\/\/telegrafi.com\/kovacevski-plenkoviq-eurointegrimi-rmv-se-eshte-mekanizmi-mire-per-perparimin-e-vendit\/\">\n<p>Kryeministri i Maqedonis\u00eb s\u00eb Veriut, Dimitar Kova\u00e7evski, sot n\u00eb Bled t\u00eb Sllovenis\u00eb, ku po merr pjes\u00eb n\u00eb Forumin Strategjik t\u00eb Bledit, ka takuar kryeministrin e Kroacis\u00eb, Andrej Plenkoviq.<\/p>\n<div class=\"code-block code-block-43 code-block-pas-paragrafit-2t-inarticle\">\n<div>\n<div class=\"code-block-label\">N\u00eb takimin ku mori pjes\u00eb edhe z\u00ebvend\u00ebskryeministri p\u00ebr \u00c7\u00ebshtje Evropiane, Bojan Mari\u00e7iq, u biseduan p\u00ebr zhvillimet aktuale n\u00eb procesin e integrimeve evropiane t\u00eb Maqedonis\u00eb s\u00eb Veriut. Dy kryeministrat vler\u00ebsuan se integrimi evropian \u00ebsht\u00eb mekanizmi m\u00eb i mir\u00eb p\u00ebr p\u00ebrparimin e RMV-s\u00eb, i cili nd\u00ebr t\u00eb tjera do t\u00eb mund\u00ebsoj\u00eb nj\u00eb ekonomi t\u00eb q\u00ebndrueshme, nj\u00eb standard m\u00eb t\u00eb lart\u00eb jetese p\u00ebr qytetar\u00ebt dhe do t\u00eb sjell\u00eb m\u00eb shum\u00eb investime.<\/div>\n<\/div>\n<\/div>\n<p>\u201cBashk\u00ebbiseduesit shk\u00ebmbyen mendime n\u00eb lidhje me procesin e zgjerimit t\u00eb BE-s\u00eb me vendet e Ballkanit Per\u00ebndimor, i cili p\u00ebrve\u00e7 p\u00ebrfitimeve ekonomike do t\u00eb siguroj\u00eb stabilitet dhe siguri n\u00eb Ballkan\u201d.<\/p>\n<div class=\"ai-viewport-1\" data-insertion-position=\"prepend\" data-selector=\".ai-insert-1-79761007\" data-insertion-no-dbg=\"\" data-code=\"PGRpdiBjbGFzcz0nY29kZS1ibG9jayBjb2RlLWJsb2NrLTEgY29kZS1ibG9jay1pbmFydGljbGUtZGVza3RvcCcgc3R5bGU9J21hcmdpbjogOHB4IGF1dG87IHRleHQtYWxpZ246IGNlbnRlcjsgZGlzcGxheTogYmxvY2s7IGNsZWFyOiBib3RoOyB3aWR0aDogMzAwcHg7IGhlaWdodDogNDIwcHg7IGJhY2tncm91bmQtY29sb3I6ICNmZmZmZmY7Jz4KPGRpdiBzdHlsZT0icG9zaXRpb246IHN0aWNreTsgdG9wOiAxNXB4OyI+CjxkaXYgY2xhc3M9ImNvZGUtYmxvY2stbGFiZWwiPlJla2xhbWE8L2Rpdj4KPCEtLSBHUFQgQWRTbG90IDE3IGZvciBBZCB1bml0ICdJbi1hcnRpY2xlX2JveF8yJyAjIyMgU2l6ZTogW1szMDAsMjUwXSxbMSwxXV0gLS0+CjxkaXYgaWQ9J2luYXJ0aWNsZTInPgogIDxzY3JpcHQ+CiAgICBnb29nbGV0YWcuY21kLnB1c2goZnVuY3Rpb24oKSB7IGdvb2dsZXRhZy5kaXNwbGF5KCdpbmFydGljbGUyJyk7IH0pOwogIDwvc2NyaXB0Pgo8L2Rpdj4KPCEtLSBFbmQgQWRTbG90IDE3IC0tPgo8L2Rpdj4KPGRpdiBzdHlsZT0iIGhlaWdodDogMzkwcHg7Ij48L2Rpdj4KPC9kaXY+Cg==\" data-block=\"1\">\n<div class=\"code-block code-block-1 code-block-inarticle-desktop\">\n<div>\n<div class=\"code-block-label\">\u201cRepublika e Maqedonis\u00eb s\u00eb Veriut vazhdimisht merr mb\u00ebshtetje institucionale nga Republika e Kroacis\u00eb n\u00eb shk\u00ebmbimin e p\u00ebrvojave n\u00eb procesin e p\u00ebrgatitjes s\u00eb negociatave p\u00ebr an\u00ebtar\u00ebsim me BE-n\u00eb. Kova\u00e7evski dhe Plenkoviq n\u00eb takim konfirmuan se nj\u00eb mb\u00ebshtetje e till\u00eb do t\u00eb vazhdoj\u00eb edhe n\u00eb t\u00eb ardhmen\u201d, thuhet n\u00eb njoftimin e Qeveris\u00eb p\u00ebr takimin n\u00eb mes Kova\u00e7evskit dhe Plenkoviq.<\/div>\n<\/div>\n<\/div>\n<\/div>\n<p>N\u00eb fund thuhet se t\u00eb dy qeverit\u00eb do t\u00eb vazhdojn\u00eb t\u00eb avokojn\u00eb p\u00ebr thellimin e marr\u00ebdh\u00ebnieve dypal\u00ebshe si dhe forcimin e bashk\u00ebpunimit ekonomik.<\/p>\n<div class=\"code-block code-block-46 code-block-instream-fundposti\">\n<div class=\"cnx-ad-container cnx-full-height \"><\/div>\n<div class=\"cnx-ad-container cnx-full-height cnx-ad-video-size-slot\">\n<div class=\"cnx-ad-bid-slot\" aria-hidden=\"true\">\n<div class=\"cnx-ad-slot\">\n<div class=\"cnx-ad-slot\">\n<div><\/div>\n<\/div>\n<\/div>\n<\/div>\n<div class=\"cnx-ad-bid-slot\" aria-hidden=\"true\">\n<div class=\"cnx-ad-slot\">\n<div class=\"cnx-ad-slot\">\n<div><\/div>\n<\/div>\n<\/div>\n<\/div>\n<div class=\"cnx-ad-bid-slot\" aria-hidden=\"true\">\n<div class=\"cnx-ad-slot\">\n<div class=\"cnx-ad-slot\">\n<div><\/div>\n<\/div>\n<\/div>\n<\/div>\n<\/div>\n<\/div>\n<\/div>\n<\/div>\n<\/div>\n<\/div>\n<\/div>\n<\/div>\n<section class=\"promoSection\">\n<div class=\"container\">\n<div class=\"top-news-wrapper bottom-60\">\n<div class=\"topWrap\"><\/div>\n<\/div>\n<\/div>\n<\/section>\n","protected":false},"excerpt":{"rendered":"<p>Kryeministri i Maqedonis\u00eb s\u00eb Veriut, Dimitar Kova\u00e7evski, sot n\u00eb Bled t\u00eb Sllovenis\u00eb, ku po merr pjes\u00eb n\u00eb Forumin Strategjik t\u00eb Bledit, ka takuar kryeministrin e<\/p>\n","protected":false},"author":14,"featured_media":0,"comment_status":"open","ping_status":"open","sticky":false,"template":"","format":"standard","meta":{"footnotes":""},"categories":[44],"tags":[],"class_list":["post-15122","post","type-post","status-publish","format-standard","hentry","category-maqedoni"],"_links":{"self":[{"href":"https:\/\/indeks.bilten.mk\/index.php?rest_route=\/wp\/v2\/posts\/15122","targetHints":{"allow":["GET"]}}],"collection":[{"href":"https:\/\/indeks.bilten.mk\/index.php?rest_route=\/wp\/v2\/posts"}],"about":[{"href":"https:\/\/indeks.bilten.mk\/index.php?rest_route=\/wp\/v2\/types\/post"}],"author":[{"embeddable":true,"href":"https:\/\/indeks.bilten.mk\/index.php?rest_route=\/wp\/v2\/users\/14"}],"replies":[{"embeddable":true,"href":"https:\/\/indeks.bilten.mk\/index.php?rest_route=%2Fwp%2Fv2%2Fcomments&post=15122"}],"version-history":[{"count":0,"href":"https:\/\/indeks.bilten.mk\/index.php?rest_route=\/wp\/v2\/posts\/15122\/revisions"}],"wp:attachment":[{"href":"https:\/\/indeks.bilten.mk\/index.php?rest_route=%2Fwp%2Fv2%2Fmedia&parent=15122"}],"wp:term":[{"taxonomy":"category","embeddable":true,"href":"https:\/\/indeks.bilten.mk\/index.php?rest_route=%2Fwp%2Fv2%2Fcategories&post=15122"},{"taxonomy":"post_tag","embeddable":true,"href":"https:\/\/indeks.bilten.mk\/index.php?rest_route=%2Fwp%2Fv2%2Ftags&post=15122"}],"curies":[{"name":"wp","href":"https:\/\/api.w.org\/{rel}","templated":true}]}}