{"id":15125,"date":"2023-08-28T15:50:46","date_gmt":"2023-08-28T13:50:46","guid":{"rendered":"https:\/\/indeks.mk\/?p=15125"},"modified":"2023-08-28T15:50:46","modified_gmt":"2023-08-28T13:50:46","slug":"macron-paralajmeron-masa-per-kosoven-dhe-serbine-nese-nuk-sillen-me-pergjegjesi","status":"publish","type":"post","link":"https:\/\/indeks.bilten.mk\/?p=15125","title":{"rendered":"Macron paralajm\u00ebron masa p\u00ebr Kosov\u00ebn dhe Serbin\u00eb n\u00ebse nuk \u201csillen me p\u00ebrgjegj\u00ebsi\u201d"},"content":{"rendered":"<p>Presidenti i Franc\u00ebs, Emmanuel Macron ka th\u00ebn\u00eb se presin q\u00eb edhe Kosova dhe Serbia angazhim t\u00eb qart\u00eb p\u00ebr rrug\u00ebn p\u00ebrpara.<\/p>\n<p>Presidenti francez ka paralajm\u00ebruar masa n\u00ebse t\u00eb dyja vendet \u201cnuk sillen me p\u00ebrgjegj\u00ebsi\u201d<\/p>\n<p>N\u00eb fjalimin e tij t\u00eb parvjetm\u00eb para ambasador\u00ebve, Macron b\u00ebr\u00eb thirrje q\u00eb pal\u00ebt t\u00eb riangazhohen edhe p\u00ebr organizim t\u00eb zgjedhjeve t\u00eb reja n\u00eb veri t\u00eb Kosov\u00ebs, q\u00eb serb\u00ebt t\u00eb kthehen n\u00eb institucione t\u00eb e po ashtu ka p\u00ebrmendur edhe formimin e Asociacionit.<\/p>\n<p>\u201cFranca dhe Gjermania i kan\u00eb b\u00ebr\u00eb premtimet e tyre p\u00ebr politikat e vizave dhe \u00e7\u00ebshtjet tjera ekonomike, t\u00eb cilat do t\u00eb rishikohen n\u00ebse t\u00eb dy pal\u00ebt nuk sillen me p\u00ebrgjegj\u00ebsi. Ne duhet t\u00eb jemi tejet kujdessh\u00ebm n\u00eb k\u00ebt\u00eb drejtim, posa\u00e7\u00ebrisht kur stabiliteti i Ballkanit Per\u00ebndimor \u00ebsht\u00eb n\u00eb rrezik\u201d, tha Macron.<\/p>\n<p>Komentet e Macronit vijn\u00eb n\u00eb nj\u00eb koh\u00eb kur Kosov\u00ebs i \u00ebsht\u00eb b\u00ebr\u00eb thirrje vazhdimisht t\u00eb kthehet n\u00eb dialog me Serbin\u00eb dhe t\u2019i organizoj\u00eb zgjedhjet e reja n\u00eb veri t\u00eb vendit.<\/p>\n<p>Situata n\u00eb veri t\u00eb Kosov\u00ebs u p\u00ebrshkall\u00ebzua n\u00eb maj, kur n\u00eb kat\u00ebr komunat me shumic\u00eb serbe n\u00eb veri t\u00eb Kosov\u00ebs \u2013 Mitrovic\u00eb e Veriut, Leposaviq, Zve\u00e7an dhe Zubin Potok \u2013 kryetar\u00ebt shqiptar\u00eb e mor\u00ebn pushtetin, nd\u00ebrsa n\u00eb nd\u00ebrtesat komunale kan\u00eb hyr\u00eb me ndihm\u00ebn e policis\u00eb.<\/p>\n","protected":false},"excerpt":{"rendered":"<p>Presidenti i Franc\u00ebs, Emmanuel Macron ka th\u00ebn\u00eb se presin q\u00eb edhe Kosova dhe Serbia angazhim t\u00eb qart\u00eb p\u00ebr rrug\u00ebn p\u00ebrpara. Presidenti francez ka paralajm\u00ebruar masa<\/p>\n","protected":false},"author":14,"featured_media":0,"comment_status":"open","ping_status":"open","sticky":false,"template":"","format":"standard","meta":{"footnotes":""},"categories":[45],"tags":[],"class_list":["post-15125","post","type-post","status-publish","format-standard","hentry","category-rajoni"],"_links":{"self":[{"href":"https:\/\/indeks.bilten.mk\/index.php?rest_route=\/wp\/v2\/posts\/15125","targetHints":{"allow":["GET"]}}],"collection":[{"href":"https:\/\/indeks.bilten.mk\/index.php?rest_route=\/wp\/v2\/posts"}],"about":[{"href":"https:\/\/indeks.bilten.mk\/index.php?rest_route=\/wp\/v2\/types\/post"}],"author":[{"embeddable":true,"href":"https:\/\/indeks.bilten.mk\/index.php?rest_route=\/wp\/v2\/users\/14"}],"replies":[{"embeddable":true,"href":"https:\/\/indeks.bilten.mk\/index.php?rest_route=%2Fwp%2Fv2%2Fcomments&post=15125"}],"version-history":[{"count":0,"href":"https:\/\/indeks.bilten.mk\/index.php?rest_route=\/wp\/v2\/posts\/15125\/revisions"}],"wp:attachment":[{"href":"https:\/\/indeks.bilten.mk\/index.php?rest_route=%2Fwp%2Fv2%2Fmedia&parent=15125"}],"wp:term":[{"taxonomy":"category","embeddable":true,"href":"https:\/\/indeks.bilten.mk\/index.php?rest_route=%2Fwp%2Fv2%2Fcategories&post=15125"},{"taxonomy":"post_tag","embeddable":true,"href":"https:\/\/indeks.bilten.mk\/index.php?rest_route=%2Fwp%2Fv2%2Ftags&post=15125"}],"curies":[{"name":"wp","href":"https:\/\/api.w.org\/{rel}","templated":true}]}}