{"id":15127,"date":"2023-08-28T15:52:57","date_gmt":"2023-08-28T13:52:57","guid":{"rendered":"https:\/\/indeks.mk\/?p=15127"},"modified":"2023-08-28T15:52:57","modified_gmt":"2023-08-28T13:52:57","slug":"fero-tashme-fal-namazin-se-bashku-me-vajzen-e-tij-foto","status":"publish","type":"post","link":"https:\/\/indeks.bilten.mk\/?p=15127","title":{"rendered":"Fero tashm\u00eb fal namazin s\u00eb bashku me vajz\u00ebn e tij (FOTO)"},"content":{"rendered":"<p><strong>Reperi Fero dit\u00eb m\u00eb par\u00eb b\u00ebri t\u00eb ditur se ka hequr dor\u00eb nga muzika, duke iu p\u00ebrkushtuar fes\u00eb islame dhe familjes.<\/strong><\/p>\n<p>E hapat e tij po i ndjek edhe e bija, Nina.<\/p>\n<p>Ishte reperi ai i cili publikoi nj\u00eb fotografi n\u00eb \u201cInstastory\u201d ku shihet vog\u00eblushja duke u falur.<\/p>\n<p>\u201cQika babit tu fal\u201d, shkroi ai p\u00ebrbri postimit.<\/p>\n<p><img loading=\"lazy\" decoding=\"async\" class=\"alignnone size-full wp-image-493687\" src=\"https:\/\/i0.wp.com\/www.kosovarja-ks.com\/wp-content\/uploads\/2023\/08\/1-17-402x600-1.png?resize=402%2C600&amp;ssl=1\" sizes=\"auto, (max-width: 402px) 100vw, 402px\" srcset=\"https:\/\/i0.wp.com\/www.kosovarja-ks.com\/wp-content\/uploads\/2023\/08\/1-17-402x600-1.png?w=402&amp;ssl=1 402w, https:\/\/i0.wp.com\/www.kosovarja-ks.com\/wp-content\/uploads\/2023\/08\/1-17-402x600-1.png?resize=201%2C300&amp;ssl=1 201w\" alt=\"\" width=\"402\" height=\"600\" data-pin-no-hover=\"true\" \/><\/p>\n","protected":false},"excerpt":{"rendered":"<p>Reperi Fero dit\u00eb m\u00eb par\u00eb b\u00ebri t\u00eb ditur se ka hequr dor\u00eb nga muzika, duke iu p\u00ebrkushtuar fes\u00eb islame dhe familjes. E hapat e tij<\/p>\n","protected":false},"author":14,"featured_media":0,"comment_status":"open","ping_status":"open","sticky":false,"template":"","format":"standard","meta":{"footnotes":""},"categories":[49],"tags":[],"class_list":["post-15127","post","type-post","status-publish","format-standard","hentry","category-showbiz"],"_links":{"self":[{"href":"https:\/\/indeks.bilten.mk\/index.php?rest_route=\/wp\/v2\/posts\/15127","targetHints":{"allow":["GET"]}}],"collection":[{"href":"https:\/\/indeks.bilten.mk\/index.php?rest_route=\/wp\/v2\/posts"}],"about":[{"href":"https:\/\/indeks.bilten.mk\/index.php?rest_route=\/wp\/v2\/types\/post"}],"author":[{"embeddable":true,"href":"https:\/\/indeks.bilten.mk\/index.php?rest_route=\/wp\/v2\/users\/14"}],"replies":[{"embeddable":true,"href":"https:\/\/indeks.bilten.mk\/index.php?rest_route=%2Fwp%2Fv2%2Fcomments&post=15127"}],"version-history":[{"count":0,"href":"https:\/\/indeks.bilten.mk\/index.php?rest_route=\/wp\/v2\/posts\/15127\/revisions"}],"wp:attachment":[{"href":"https:\/\/indeks.bilten.mk\/index.php?rest_route=%2Fwp%2Fv2%2Fmedia&parent=15127"}],"wp:term":[{"taxonomy":"category","embeddable":true,"href":"https:\/\/indeks.bilten.mk\/index.php?rest_route=%2Fwp%2Fv2%2Fcategories&post=15127"},{"taxonomy":"post_tag","embeddable":true,"href":"https:\/\/indeks.bilten.mk\/index.php?rest_route=%2Fwp%2Fv2%2Ftags&post=15127"}],"curies":[{"name":"wp","href":"https:\/\/api.w.org\/{rel}","templated":true}]}}