{"id":15132,"date":"2023-08-28T18:58:49","date_gmt":"2023-08-28T16:58:49","guid":{"rendered":"https:\/\/indeks.mk\/?p=15132"},"modified":"2023-08-28T18:58:49","modified_gmt":"2023-08-28T16:58:49","slug":"ali-ahmeti-realizoi-takim-me-delegacionin-amerikan-nga-ohajo-misisipi-teksas-dhe-ilinois","status":"publish","type":"post","link":"https:\/\/indeks.bilten.mk\/?p=15132","title":{"rendered":"Ali Ahmeti realizoi takim me delegacionin amerikan nga Ohajo, Misisipi, Teksas dhe Ilinois"},"content":{"rendered":"<p>Kryetari i BDI-s\u00eb, Ali Ahmeti, sot ka pritur n\u00eb takim nj\u00eb delegacion nga Shtetet e Bashkuara t\u00eb Amerik\u00ebs, t\u00eb p\u00ebrb\u00ebr\u00eb nga p\u00ebrfaq\u00ebsues t\u00eb kuvendeve t\u00eb shteteve si Ohajo, Misisipi, Teksas dhe Ilinois si dhe p\u00ebrfaq\u00ebsues t\u00eb ACYPL (American Council of Young Political Leaders).<\/p>\n<p>N\u00ebn organizimin e ambasad\u00ebs amerikane n\u00eb Shkup, kryetari Ahmeti ka takuar znj. Sarah Harbison, z. Noah Sanford, znj. Bride Sweeney, znj. Vanessa Tanner, z. Anthony Vega, z. Robert Williams si dhe z. David Spector.<\/p>\n<p><img loading=\"lazy\" decoding=\"async\" class=\"alignnone size-medium wp-image-15133\" src=\"https:\/\/indeks.mk\/wp-content\/uploads\/2023\/08\/aa3-300x200.jpg\" alt=\"\" width=\"300\" height=\"200\" \/> <img loading=\"lazy\" decoding=\"async\" class=\"alignnone size-medium wp-image-15134\" src=\"https:\/\/indeks.mk\/wp-content\/uploads\/2023\/08\/aa2-300x200.jpg\" alt=\"\" width=\"300\" height=\"200\" \/><\/p>\n<p>Tem\u00eb e bised\u00ebs n\u00eb k\u00ebt\u00eb takim ishin marr\u00ebdh\u00ebniet e Republik\u00ebs s\u00eb Maqedonis\u00eb s\u00eb Veriut me Shtetet e Bashkuara t\u00eb Amerik\u00ebs si dhe proceset e zhvilluara n\u00eb vend q\u00eb nga lufta e vitit 2001 e deri m\u00eb sot te procesi i ndryshimeve kushtetuese.<\/p>\n<p><img loading=\"lazy\" decoding=\"async\" class=\"alignnone size-medium wp-image-15135\" src=\"https:\/\/indeks.mk\/wp-content\/uploads\/2023\/08\/aa5-300x200.jpg\" alt=\"\" width=\"300\" height=\"200\" \/> <img loading=\"lazy\" decoding=\"async\" class=\"alignnone size-medium wp-image-15136\" src=\"https:\/\/indeks.mk\/wp-content\/uploads\/2023\/08\/aa4-300x200.jpg\" alt=\"\" width=\"300\" height=\"200\" \/><\/p>\n<p>Ahmeti u shpreh mir\u00ebnjoh\u00ebs ndaj angazhimit t\u00eb SHBA-ve p\u00ebr p\u00ebrkrahjen e vazhdueshme q\u00eb tregojn\u00eb ndaj Maqedonis\u00eb s\u00eb Veriut, q\u00eb nga n\u00ebnshkrimi i Marr\u00ebveshjes Korniz\u00eb t\u00eb Ohrit n\u00eb vitin 2001, Marr\u00ebveshjes s\u00eb Presp\u00ebs, an\u00ebtar\u00ebsimit n\u00eb NATO, dialogu strategjik, ndihma n\u00eb fush\u00ebn e mbrojtjes, si dhe rruga e procesit t\u00eb ndryshimeve kushtetuese, moment ky shum\u00eb vendimtar p\u00ebr vendin dhe se SHBA vazhdon t\u00eb mbetet partneri m\u00eb i besuesh\u00ebm n\u00eb rrug\u00ebtimin e Maqedonis\u00eb s\u00eb Veriut drejt\u00eb perspektiv\u00ebs europiane.<\/p>\n","protected":false},"excerpt":{"rendered":"<p>Kryetari i BDI-s\u00eb, Ali Ahmeti, sot ka pritur n\u00eb takim nj\u00eb delegacion nga Shtetet e Bashkuara t\u00eb Amerik\u00ebs, t\u00eb p\u00ebrb\u00ebr\u00eb nga p\u00ebrfaq\u00ebsues t\u00eb kuvendeve t\u00eb<\/p>\n","protected":false},"author":14,"featured_media":0,"comment_status":"open","ping_status":"open","sticky":false,"template":"","format":"standard","meta":{"footnotes":""},"categories":[44],"tags":[],"class_list":["post-15132","post","type-post","status-publish","format-standard","hentry","category-maqedoni"],"_links":{"self":[{"href":"https:\/\/indeks.bilten.mk\/index.php?rest_route=\/wp\/v2\/posts\/15132","targetHints":{"allow":["GET"]}}],"collection":[{"href":"https:\/\/indeks.bilten.mk\/index.php?rest_route=\/wp\/v2\/posts"}],"about":[{"href":"https:\/\/indeks.bilten.mk\/index.php?rest_route=\/wp\/v2\/types\/post"}],"author":[{"embeddable":true,"href":"https:\/\/indeks.bilten.mk\/index.php?rest_route=\/wp\/v2\/users\/14"}],"replies":[{"embeddable":true,"href":"https:\/\/indeks.bilten.mk\/index.php?rest_route=%2Fwp%2Fv2%2Fcomments&post=15132"}],"version-history":[{"count":0,"href":"https:\/\/indeks.bilten.mk\/index.php?rest_route=\/wp\/v2\/posts\/15132\/revisions"}],"wp:attachment":[{"href":"https:\/\/indeks.bilten.mk\/index.php?rest_route=%2Fwp%2Fv2%2Fmedia&parent=15132"}],"wp:term":[{"taxonomy":"category","embeddable":true,"href":"https:\/\/indeks.bilten.mk\/index.php?rest_route=%2Fwp%2Fv2%2Fcategories&post=15132"},{"taxonomy":"post_tag","embeddable":true,"href":"https:\/\/indeks.bilten.mk\/index.php?rest_route=%2Fwp%2Fv2%2Ftags&post=15132"}],"curies":[{"name":"wp","href":"https:\/\/api.w.org\/{rel}","templated":true}]}}