{"id":15139,"date":"2023-08-28T19:02:05","date_gmt":"2023-08-28T17:02:05","guid":{"rendered":"https:\/\/indeks.mk\/?p=15139"},"modified":"2023-08-28T19:02:05","modified_gmt":"2023-08-28T17:02:05","slug":"flasin-duke-qeshur-momenti-kur-rama-dhe-kurti-takohen-ne-slloveni","status":"publish","type":"post","link":"https:\/\/indeks.bilten.mk\/?p=15139","title":{"rendered":"Flasin duke qeshur, momenti kur Rama dhe Kurti takohen n\u00eb Slloveni"},"content":{"rendered":"<p><strong>Kryeministri i Shqip\u00ebris\u00eb Edi Rama dhe kryeministri i Kosov\u00ebs Albin Kurti jan\u00eb takuar menj\u00ebher\u00eb pas nisjes s\u00eb Forumit Strategjik t\u00eb Bled n\u00eb Slloveni.<\/strong><\/p>\n<p>N\u00eb k\u00ebt\u00eb video, t\u00eb sjell\u00eb nga kryeministria shqiptare ata shihen t\u00eb ulur pran\u00eb nj\u00ebri-tjetrit, teksa komunikojn\u00eb s\u00ebbashku duke qeshur<\/p>\n<p><img loading=\"lazy\" decoding=\"async\" class=\"alignleft size-full wp-image-493823\" src=\"https:\/\/i0.wp.com\/www.kosovarja-ks.com\/wp-content\/uploads\/2023\/08\/Screenshot-85-4.png?resize=897%2C528&amp;ssl=1\" sizes=\"auto, (max-width: 897px) 100vw, 897px\" srcset=\"https:\/\/i0.wp.com\/www.kosovarja-ks.com\/wp-content\/uploads\/2023\/08\/Screenshot-85-4.png?w=897&amp;ssl=1 897w, https:\/\/i0.wp.com\/www.kosovarja-ks.com\/wp-content\/uploads\/2023\/08\/Screenshot-85-4.png?resize=300%2C177&amp;ssl=1 300w, https:\/\/i0.wp.com\/www.kosovarja-ks.com\/wp-content\/uploads\/2023\/08\/Screenshot-85-4.png?resize=768%2C452&amp;ssl=1 768w, https:\/\/i0.wp.com\/www.kosovarja-ks.com\/wp-content\/uploads\/2023\/08\/Screenshot-85-4.png?resize=750%2C441&amp;ssl=1 750w\" alt=\"\" width=\"673\" height=\"396\" data-pin-no-hover=\"true\" \/><\/p>\n","protected":false},"excerpt":{"rendered":"<p>Kryeministri i Shqip\u00ebris\u00eb Edi Rama dhe kryeministri i Kosov\u00ebs Albin Kurti jan\u00eb takuar menj\u00ebher\u00eb pas nisjes s\u00eb Forumit Strategjik t\u00eb Bled n\u00eb Slloveni. N\u00eb k\u00ebt\u00eb<\/p>\n","protected":false},"author":14,"featured_media":0,"comment_status":"open","ping_status":"open","sticky":false,"template":"","format":"standard","meta":{"footnotes":""},"categories":[45],"tags":[],"class_list":["post-15139","post","type-post","status-publish","format-standard","hentry","category-rajoni"],"_links":{"self":[{"href":"https:\/\/indeks.bilten.mk\/index.php?rest_route=\/wp\/v2\/posts\/15139","targetHints":{"allow":["GET"]}}],"collection":[{"href":"https:\/\/indeks.bilten.mk\/index.php?rest_route=\/wp\/v2\/posts"}],"about":[{"href":"https:\/\/indeks.bilten.mk\/index.php?rest_route=\/wp\/v2\/types\/post"}],"author":[{"embeddable":true,"href":"https:\/\/indeks.bilten.mk\/index.php?rest_route=\/wp\/v2\/users\/14"}],"replies":[{"embeddable":true,"href":"https:\/\/indeks.bilten.mk\/index.php?rest_route=%2Fwp%2Fv2%2Fcomments&post=15139"}],"version-history":[{"count":0,"href":"https:\/\/indeks.bilten.mk\/index.php?rest_route=\/wp\/v2\/posts\/15139\/revisions"}],"wp:attachment":[{"href":"https:\/\/indeks.bilten.mk\/index.php?rest_route=%2Fwp%2Fv2%2Fmedia&parent=15139"}],"wp:term":[{"taxonomy":"category","embeddable":true,"href":"https:\/\/indeks.bilten.mk\/index.php?rest_route=%2Fwp%2Fv2%2Fcategories&post=15139"},{"taxonomy":"post_tag","embeddable":true,"href":"https:\/\/indeks.bilten.mk\/index.php?rest_route=%2Fwp%2Fv2%2Ftags&post=15139"}],"curies":[{"name":"wp","href":"https:\/\/api.w.org\/{rel}","templated":true}]}}