{"id":15149,"date":"2023-08-29T08:55:28","date_gmt":"2023-08-29T06:55:28","guid":{"rendered":"https:\/\/indeks.mk\/?p=15149"},"modified":"2023-08-29T08:55:28","modified_gmt":"2023-08-29T06:55:28","slug":"mariciq-be-na-ofron-nje-perspektive-europiane-shans-qe-nuk-duhet-humbur","status":"publish","type":"post","link":"https:\/\/indeks.bilten.mk\/?p=15149","title":{"rendered":"Mari\u00e7iq: BE na ofron nj\u00eb perspektiv\u00eb europiane, shans q\u00eb nuk duhet humbur&#8230;"},"content":{"rendered":"<p>BE-ja me shtete t\u00eb reja an\u00ebtare deri n\u00eb vitin 2030, vet\u00eb vendosim p\u00ebr hapin e radh\u00ebs, ka shkruar z\u00ebvend\u00ebskryeministri p\u00ebr \u00c7\u00ebshtje evropiane Bojan Mari\u00e7iq n\u00eb \u201cFejsbuk\u201d pas porosis\u00eb nga presidenti i K\u00ebshillit Evropian, Sharl Mishel se Bashkimi Evropian duhet q\u00eb deri n\u00eb vitin 2030 t\u00eb jet\u00eb e gatshme p\u00ebr zgjerim t\u00eb ri.<\/p>\n<div class=\"code-block code-block-43 code-block-pas-paragrafit-2t-inarticle\">\n<div>\n<div class=\"code-block-label\">\u201cViti 2030 \u00ebsht\u00eb viti q\u00eb edhe ne e kemi p\u00ebrcaktuar si vit objektiv p\u00ebr an\u00ebtar\u00ebsim n\u00eb BE, q\u00eb \u00ebsht\u00eb d\u00ebshmi se me partner\u00ebt tan\u00eb evropian kemi q\u00ebllim t\u00eb nj\u00ebjt\u00eb. Pas 10 viteve, sot n\u00eb em\u00ebr t\u00eb t\u00eb gjitha vendeve an\u00ebtare t\u00eb BE-s\u00eb p\u00ebr her\u00eb t\u00eb par\u00eb bisedohet p\u00ebr nj\u00eb afat kohor p\u00ebr zgjerimin e ardhsh\u00ebm. BE-ja n\u00eb muajt e ardhsh\u00ebm, duhet t\u00eb marr\u00eb vendimet kryesore p\u00ebr zgjerimin e BE-s\u00eb dhe t\u00eb p\u00ebrshpejtoj\u00eb reformat dhe t\u00eb leht\u00ebsoj\u00eb zgjerimin, n\u00eb kuad\u00ebr t\u00eb t\u00eb drejtave evropiane\u201d, shkruan Mari\u00e7iqi n\u00eb postimin n\u00eb Fejsbuk.<\/div>\n<\/div>\n<\/div>\n<div class=\"ai-viewport-1\" data-insertion-position=\"prepend\" data-selector=\".ai-insert-1-64595546\" data-insertion-no-dbg=\"\" data-code=\"PGRpdiBjbGFzcz0nY29kZS1ibG9jayBjb2RlLWJsb2NrLTEgY29kZS1ibG9jay1pbmFydGljbGUtZGVza3RvcCcgc3R5bGU9J21hcmdpbjogOHB4IGF1dG87IHRleHQtYWxpZ246IGNlbnRlcjsgZGlzcGxheTogYmxvY2s7IGNsZWFyOiBib3RoOyB3aWR0aDogMzAwcHg7IGhlaWdodDogNDIwcHg7IGJhY2tncm91bmQtY29sb3I6ICNmZmZmZmY7Jz4KPGRpdiBzdHlsZT0icG9zaXRpb246IHN0aWNreTsgdG9wOiAxNXB4OyI+CjxkaXYgY2xhc3M9ImNvZGUtYmxvY2stbGFiZWwiPlJla2xhbWE8L2Rpdj4KPCEtLSBHUFQgQWRTbG90IDE3IGZvciBBZCB1bml0ICdJbi1hcnRpY2xlX2JveF8yJyAjIyMgU2l6ZTogW1szMDAsMjUwXSxbMSwxXV0gLS0+CjxkaXYgaWQ9J2luYXJ0aWNsZTInPgogIDxzY3JpcHQ+CiAgICBnb29nbGV0YWcuY21kLnB1c2goZnVuY3Rpb24oKSB7IGdvb2dsZXRhZy5kaXNwbGF5KCdpbmFydGljbGUyJyk7IH0pOwogIDwvc2NyaXB0Pgo8L2Rpdj4KPCEtLSBFbmQgQWRTbG90IDE3IC0tPgo8L2Rpdj4KPGRpdiBzdHlsZT0iIGhlaWdodDogMzkwcHg7Ij48L2Rpdj4KPC9kaXY+Cg==\" data-block=\"1\">\n<div class=\"code-block code-block-1 code-block-inarticle-desktop\">\n<div>\n<div><\/div>\n<div class=\"code-block-label\">Sipas Mari\u00e7iqit, edhe ne si vend duhet t\u00eb sjellim vendime t\u00eb r\u00ebnd\u00ebsishme p\u00ebr t\u00eb ardhmen e vendit dhe t\u00eb kryejm\u00eb bashk\u00ebrisht detyrat me fokus t\u00eb ve\u00e7ant\u00eb n\u00eb reformat.<\/div>\n<\/div>\n<\/div>\n<\/div>\n<p>\u201cNuk b\u00ebhet fjal\u00eb vet\u00ebm p\u00ebr proces shtet\u00ebror, ose vet\u00ebm p\u00ebr q\u00ebllime strategjike. B\u00ebhet fjal\u00eb p\u00ebr t\u00eb ardhmen e f\u00ebmij\u00ebve tan\u00eb dhe suksesin e vendit. BE-ja ka dh\u00ebn\u00eb nj\u00eb afat kohor dhe i ofron nj\u00eb perspektiv\u00eb evropiane rajonit p\u00ebr integrimin evropian, prandaj pritja nuk duhet t\u00eb jet\u00eb strategjia q\u00eb ne zgjedhim. Detyrimi yn\u00eb \u00ebsht\u00eb q\u00eb t\u00eb p\u00ebrfitojm\u00eb nga momenti dhe t\u00eb kryejm\u00eb s\u00eb bashku detyrat, me fokus t\u00eb ve\u00e7ant\u00eb n\u00eb reformat, t\u00eb shpejtojm\u00eb q\u00eb n\u00eb vitin 2030 Maqedonia e Veriut t\u00eb jet\u00eb shtet an\u00ebtare e BE-s\u00eb\u201d, thuhet n\u00eb postimin e z\u00ebvend\u00ebskryeministrit Mari\u00e7iq.<\/p>\n","protected":false},"excerpt":{"rendered":"<p>BE-ja me shtete t\u00eb reja an\u00ebtare deri n\u00eb vitin 2030, vet\u00eb vendosim p\u00ebr hapin e radh\u00ebs, ka shkruar z\u00ebvend\u00ebskryeministri p\u00ebr \u00c7\u00ebshtje evropiane Bojan Mari\u00e7iq n\u00eb<\/p>\n","protected":false},"author":14,"featured_media":0,"comment_status":"open","ping_status":"open","sticky":false,"template":"","format":"standard","meta":{"footnotes":""},"categories":[44],"tags":[],"class_list":["post-15149","post","type-post","status-publish","format-standard","hentry","category-maqedoni"],"_links":{"self":[{"href":"https:\/\/indeks.bilten.mk\/index.php?rest_route=\/wp\/v2\/posts\/15149","targetHints":{"allow":["GET"]}}],"collection":[{"href":"https:\/\/indeks.bilten.mk\/index.php?rest_route=\/wp\/v2\/posts"}],"about":[{"href":"https:\/\/indeks.bilten.mk\/index.php?rest_route=\/wp\/v2\/types\/post"}],"author":[{"embeddable":true,"href":"https:\/\/indeks.bilten.mk\/index.php?rest_route=\/wp\/v2\/users\/14"}],"replies":[{"embeddable":true,"href":"https:\/\/indeks.bilten.mk\/index.php?rest_route=%2Fwp%2Fv2%2Fcomments&post=15149"}],"version-history":[{"count":0,"href":"https:\/\/indeks.bilten.mk\/index.php?rest_route=\/wp\/v2\/posts\/15149\/revisions"}],"wp:attachment":[{"href":"https:\/\/indeks.bilten.mk\/index.php?rest_route=%2Fwp%2Fv2%2Fmedia&parent=15149"}],"wp:term":[{"taxonomy":"category","embeddable":true,"href":"https:\/\/indeks.bilten.mk\/index.php?rest_route=%2Fwp%2Fv2%2Fcategories&post=15149"},{"taxonomy":"post_tag","embeddable":true,"href":"https:\/\/indeks.bilten.mk\/index.php?rest_route=%2Fwp%2Fv2%2Ftags&post=15149"}],"curies":[{"name":"wp","href":"https:\/\/api.w.org\/{rel}","templated":true}]}}