{"id":15151,"date":"2023-08-29T09:09:21","date_gmt":"2023-08-29T07:09:21","guid":{"rendered":"https:\/\/indeks.mk\/?p=15151"},"modified":"2023-08-29T09:09:21","modified_gmt":"2023-08-29T07:09:21","slug":"mediat-ruse-per-vdekjen-e-prigozhin-ja-ne-cilin-vend-ishte-vendosur-bomba-ne-avion","status":"publish","type":"post","link":"https:\/\/indeks.bilten.mk\/?p=15151","title":{"rendered":"Mediat ruse p\u00ebr vdekjen e Prigozhin: Ja n\u00eb cilin vend ishte vendosur bomba n\u00eb avion&#8230;"},"content":{"rendered":"<p>Pas vdekjes n\u00eb aksidentin me avion t\u00eb kreut t\u00eb Grupit Wagner, Yevgeny Prigozhin, kan\u00eb nisur hamend\u00ebsimet rreth m\u00ebnyr\u00ebs s\u00eb si ndodhi ngjarja.<\/p>\n<p>Sipas\u00a0<a href=\"https:\/\/news.italy24.press\/trends\/817574.html\">mediave t\u00eb huaja<\/a>, hetimet kan\u00eb nisur t\u00eb nxjerrin n\u00eb drit\u00eb nj\u00eb pist\u00eb, e cila rrotullohet rreth sistemit t\u00eb kondicionimit t\u00eb avionit me t\u00eb cilin udh\u00ebtonte Prigozhin.<\/p>\n<div class=\"\">\n<h3><span style=\"font-size: 16px;\">Si\u00e7 raportohet nga Moskovsky Komsomolets, kondicioneri dyshohet se u prish m\u00eb 18 korrik, nj\u00eb ngjarje e papritur q\u00eb do t\u00eb k\u00ebrkonte nd\u00ebrtimin e nj\u00eb sistemi t\u00eb ri shkruan Corriere della Sera, p\u00ebrve\u00e7 ndalimit t\u00eb avionit n\u00eb aeroportin Sheremtyevo, n\u00eb Mosk\u00eb.<\/span><\/h3>\n<\/div>\n<p>Operacioni do t\u00eb kishte p\u00ebrfunduar m\u00eb 20 gusht, nj\u00eb periudh\u00eb e konsiderueshme kohore, e cila mund t\u2019u kishte dh\u00ebn\u00eb sulmuesve mund\u00ebsin\u00eb p\u00ebr t\u00eb vendosur bomb\u00ebn n\u00eb avion.<\/p>\n<p>Sipas gazet\u00ebs ruse, tre persona kishin akses n\u00eb Embraer gjat\u00eb riparimeve, dy inxhinier\u00eb, Sergey Kitrish dhe Alexey Anshukov, dhe drejtori teknik Minchenkov.<\/p>\n<p>Instalimi i turbocooler n\u00eb kondicionerin e avioni filloi n\u00eb m\u00ebngjesin e 19 gushtit dhe p\u00ebrfundoi n\u00eb mbr\u00ebmjen e 20 gushtit, nd\u00ebrsa incidenti me pasoj\u00eb vdekjen e Prigozhin ndodhi m\u00eb 23 gusht.<\/p>\n","protected":false},"excerpt":{"rendered":"<p>Pas vdekjes n\u00eb aksidentin me avion t\u00eb kreut t\u00eb Grupit Wagner, Yevgeny Prigozhin, kan\u00eb nisur hamend\u00ebsimet rreth m\u00ebnyr\u00ebs s\u00eb si ndodhi ngjarja. Sipas\u00a0mediave t\u00eb huaja,<\/p>\n","protected":false},"author":14,"featured_media":0,"comment_status":"open","ping_status":"open","sticky":false,"template":"","format":"standard","meta":{"footnotes":""},"categories":[46],"tags":[],"class_list":["post-15151","post","type-post","status-publish","format-standard","hentry","category-bota"],"_links":{"self":[{"href":"https:\/\/indeks.bilten.mk\/index.php?rest_route=\/wp\/v2\/posts\/15151","targetHints":{"allow":["GET"]}}],"collection":[{"href":"https:\/\/indeks.bilten.mk\/index.php?rest_route=\/wp\/v2\/posts"}],"about":[{"href":"https:\/\/indeks.bilten.mk\/index.php?rest_route=\/wp\/v2\/types\/post"}],"author":[{"embeddable":true,"href":"https:\/\/indeks.bilten.mk\/index.php?rest_route=\/wp\/v2\/users\/14"}],"replies":[{"embeddable":true,"href":"https:\/\/indeks.bilten.mk\/index.php?rest_route=%2Fwp%2Fv2%2Fcomments&post=15151"}],"version-history":[{"count":0,"href":"https:\/\/indeks.bilten.mk\/index.php?rest_route=\/wp\/v2\/posts\/15151\/revisions"}],"wp:attachment":[{"href":"https:\/\/indeks.bilten.mk\/index.php?rest_route=%2Fwp%2Fv2%2Fmedia&parent=15151"}],"wp:term":[{"taxonomy":"category","embeddable":true,"href":"https:\/\/indeks.bilten.mk\/index.php?rest_route=%2Fwp%2Fv2%2Fcategories&post=15151"},{"taxonomy":"post_tag","embeddable":true,"href":"https:\/\/indeks.bilten.mk\/index.php?rest_route=%2Fwp%2Fv2%2Ftags&post=15151"}],"curies":[{"name":"wp","href":"https:\/\/api.w.org\/{rel}","templated":true}]}}