{"id":15163,"date":"2023-08-29T10:18:03","date_gmt":"2023-08-29T08:18:03","guid":{"rendered":"https:\/\/indeks.mk\/?p=15163"},"modified":"2023-08-29T10:18:03","modified_gmt":"2023-08-29T08:18:03","slug":"rruga-108-ganiu-fiton-betejen-me-kasamin-mbajeni-veten","status":"publish","type":"post","link":"https:\/\/indeks.bilten.mk\/?p=15163","title":{"rendered":"Rruga 108\/ Ganiu fiton betej\u00ebn me Kasamin: Mbajeni veten!!"},"content":{"rendered":"<p>Izo Ganiu, ish aktivist i L\u00ebvizjes Besa dhe person i af\u00ebrt me kreun e k\u00ebsaj partie ka fituar betej\u00ebn me institucionin q\u00eb tash udh\u00ebhiqet nga ish miku i tij, lidhur me rrug\u00ebn 108, t\u00eb cil\u00ebn dit\u00eb m\u00eb par\u00eb, vet Kasami e promovoi si sukses, raporton indeks.mk.<\/p>\n<p>Me tu l\u00ebshuar n\u00eb p\u00ebrdorim, n\u00eb k\u00ebt\u00eb rrug\u00eb u zbuluan l\u00ebshimet e para nga ana e kompanis\u00eb dhe komun\u00ebs.<\/p>\n<p>Shaktet q\u00eb kan\u00eb qen\u00eb n\u00eb k\u00ebt\u00eb rrug\u00eb, ishin t\u00eb panivelizuara mir\u00eb, p\u00ebr k\u00ebt\u00eb problem i pari q\u00eb reagoi ishte, Izo Ganiu.<\/p>\n<p>K\u00ebtij reagimi nuk ju g\u00ebzuan fare, aktivist\u00ebt dhe militant\u00ebt e L\u00ebvizjes Besa q\u00eb n\u00eb faqet q\u00eb kontrollohen n\u00eb rrjetet sociale nga Besa, e \u201ckryq\u00ebzuan\u201d, ofenduan dhe poshtruan, Izo Ganiun, por beteja e tij, u fitua n\u00eb m\u00ebngjesin\u00a0 e sot\u00ebm, kur n\u00eb terren p\u00ebr t\u00eb nivelizuar shaktet, u pan\u00eb punonj\u00ebs t\u00eb kompanis\u00eb q\u00eb kishin kryer punimet.<\/p>\n<p>E p\u00ebr k\u00ebt\u00eb ka reaguar prap, Izo Ganiu.<\/p>\n<p>Reagimi i plot\u00eb:<\/p>\n<p>Edhe nj\u00eb kritik\u00eb edhe nj\u00eb betej\u00eb e fituar nga un\u00eb, edhe qytetar\u00ebt! Para disa dit\u00ebsh kritikova se rruga e re 108 ka probleme me shaktin sot erdh\u00ebn dhe e korigjojn\u00eb! Sekretari organizativ i L.Besa mund t\u00eb b\u00ebje shpifje dhe propaganda n\u00ebp\u0113r portalet e tij se kinse ne b\u00ebjm\u00eb shpifje por n\u00ebse na qenka ashtu at\u00ebher p\u00ebrse erdh\u00ebn sot ta rregullojn\u00eb! Mbanja vitin!!\/indeks.mk\/<\/p>\n<p>&nbsp;<\/p>\n","protected":false},"excerpt":{"rendered":"<p>Izo Ganiu, ish aktivist i L\u00ebvizjes Besa dhe person i af\u00ebrt me kreun e k\u00ebsaj partie ka fituar betej\u00ebn me institucionin q\u00eb tash udh\u00ebhiqet nga<\/p>\n","protected":false},"author":14,"featured_media":0,"comment_status":"open","ping_status":"open","sticky":false,"template":"","format":"standard","meta":{"footnotes":""},"categories":[44],"tags":[],"class_list":["post-15163","post","type-post","status-publish","format-standard","hentry","category-maqedoni"],"_links":{"self":[{"href":"https:\/\/indeks.bilten.mk\/index.php?rest_route=\/wp\/v2\/posts\/15163","targetHints":{"allow":["GET"]}}],"collection":[{"href":"https:\/\/indeks.bilten.mk\/index.php?rest_route=\/wp\/v2\/posts"}],"about":[{"href":"https:\/\/indeks.bilten.mk\/index.php?rest_route=\/wp\/v2\/types\/post"}],"author":[{"embeddable":true,"href":"https:\/\/indeks.bilten.mk\/index.php?rest_route=\/wp\/v2\/users\/14"}],"replies":[{"embeddable":true,"href":"https:\/\/indeks.bilten.mk\/index.php?rest_route=%2Fwp%2Fv2%2Fcomments&post=15163"}],"version-history":[{"count":0,"href":"https:\/\/indeks.bilten.mk\/index.php?rest_route=\/wp\/v2\/posts\/15163\/revisions"}],"wp:attachment":[{"href":"https:\/\/indeks.bilten.mk\/index.php?rest_route=%2Fwp%2Fv2%2Fmedia&parent=15163"}],"wp:term":[{"taxonomy":"category","embeddable":true,"href":"https:\/\/indeks.bilten.mk\/index.php?rest_route=%2Fwp%2Fv2%2Fcategories&post=15163"},{"taxonomy":"post_tag","embeddable":true,"href":"https:\/\/indeks.bilten.mk\/index.php?rest_route=%2Fwp%2Fv2%2Ftags&post=15163"}],"curies":[{"name":"wp","href":"https:\/\/api.w.org\/{rel}","templated":true}]}}