{"id":15165,"date":"2023-08-29T10:19:57","date_gmt":"2023-08-29T08:19:57","guid":{"rendered":"https:\/\/indeks.mk\/?p=15165"},"modified":"2023-08-29T10:19:57","modified_gmt":"2023-08-29T08:19:57","slug":"bore-ne-zvicer-temperaturat-bien-per-30-grade","status":"publish","type":"post","link":"https:\/\/indeks.bilten.mk\/?p=15165","title":{"rendered":"Bor\u00eb n\u00eb Zvic\u00ebr, temperaturat bien p\u00ebr 30 grad\u00eb"},"content":{"rendered":"<p><strong>Nj\u00eb fenomen i pazakont\u00eb ka ndodhur n\u00eb Zvic\u00ebr, ku fill pas temperaturave t\u00eb larta vendi \u00ebsht\u00eb goditur nga reshje t\u00eb dendura shiu, por dhe reshje bore n\u00eb disa zona.<\/strong><\/p>\n<p>MeteoSuiss b\u00ebn me dije se temperaturat kan\u00eb r\u00ebn\u00eb me 30 grad\u00eb Celsius brenda kat\u00ebr dit\u00ebve, duke b\u00ebr\u00eb q\u00eb dit\u00ebt me diellin e nxeht\u00eb t\u00eb z\u00ebvend\u00ebsohen nga reshjet e d\u00ebbor\u00ebs.<\/p>\n<p>\u201cTemperatura pati nj\u00eb r\u00ebnie mbres\u00ebl\u00ebn\u00ebse, brenda kat\u00ebr dit\u00ebve. T\u00eb enjten, termometri i stacionit lexoi 31.2 \u00b0C. Sot n\u00eb 11:15 ishte 0.5 \u00b0C\u201d, raportoi sh\u00ebrbimi i motit M\u00e9t\u00e9oSuisse n\u00eb platform\u00ebn X.<\/p>\n<p>Reshjet e d\u00ebbor\u00ebs p\u00ebrfshin\u00eb zon\u00ebn turistike t\u00eb Zermatit, e cila ndodhet n\u00eb nj\u00eb lart\u00ebsi prej 1638 metra nga niveli i detit.<\/p>\n<div><\/div>\n<div class=\"twitter-tweet twitter-tweet-rendered\"><iframe id=\"twitter-widget-0\" class=\"\" title=\"Twitter Tweet\" src=\"https:\/\/platform.twitter.com\/embed\/Tweet.html?creatorScreenName=gazetaexpress&amp;dnt=false&amp;embedId=twitter-widget-0&amp;features=eyJ0ZndfdGltZWxpbmVfbGlzdCI6eyJidWNrZXQiOltdLCJ2ZXJzaW9uIjpudWxsfSwidGZ3X2ZvbGxvd2VyX2NvdW50X3N1bnNldCI6eyJidWNrZXQiOnRydWUsInZlcnNpb24iOm51bGx9LCJ0ZndfdHdlZXRfZWRpdF9iYWNrZW5kIjp7ImJ1Y2tldCI6Im9uIiwidmVyc2lvbiI6bnVsbH0sInRmd19yZWZzcmNfc2Vzc2lvbiI6eyJidWNrZXQiOiJvbiIsInZlcnNpb24iOm51bGx9LCJ0ZndfZm9zbnJfc29mdF9pbnRlcnZlbnRpb25zX2VuYWJsZWQiOnsiYnVja2V0Ijoib24iLCJ2ZXJzaW9uIjpudWxsfSwidGZ3X21peGVkX21lZGlhXzE1ODk3Ijp7ImJ1Y2tldCI6InRyZWF0bWVudCIsInZlcnNpb24iOm51bGx9LCJ0ZndfZXhwZXJpbWVudHNfY29va2llX2V4cGlyYXRpb24iOnsiYnVja2V0IjoxMjA5NjAwLCJ2ZXJzaW9uIjpudWxsfSwidGZ3X3Nob3dfYmlyZHdhdGNoX3Bpdm90c19lbmFibGVkIjp7ImJ1Y2tldCI6Im9uIiwidmVyc2lvbiI6bnVsbH0sInRmd19kdXBsaWNhdGVfc2NyaWJlc190b19zZXR0aW5ncyI6eyJidWNrZXQiOiJvbiIsInZlcnNpb24iOm51bGx9LCJ0ZndfdXNlX3Byb2ZpbGVfaW1hZ2Vfc2hhcGVfZW5hYmxlZCI6eyJidWNrZXQiOiJvbiIsInZlcnNpb24iOm51bGx9LCJ0ZndfdmlkZW9faGxzX2R5bmFtaWNfbWFuaWZlc3RzXzE1MDgyIjp7ImJ1Y2tldCI6InRydWVfYml0cmF0ZSIsInZlcnNpb24iOm51bGx9LCJ0ZndfbGVnYWN5X3RpbWVsaW5lX3N1bnNldCI6eyJidWNrZXQiOnRydWUsInZlcnNpb24iOm51bGx9LCJ0ZndfdHdlZXRfZWRpdF9mcm9udGVuZCI6eyJidWNrZXQiOiJvbiIsInZlcnNpb24iOm51bGx9fQ%3D%3D&amp;frame=false&amp;hideCard=false&amp;hideThread=false&amp;id=1696091185184448718&amp;lang=en&amp;origin=https%3A%2F%2Fwww.gazetaexpress.com%2Fbore-ne-zvicer-temperaturat-bien-per-30-grade%2F&amp;sessionId=89cee5c45e633e4ad0c4f90f8e27f044b983463f&amp;siteScreenName=gazetaexpress&amp;theme=light&amp;widgetsVersion=aaf4084522e3a%3A1674595607486&amp;width=550px\" frameborder=\"0\" scrolling=\"no\" allowfullscreen=\"allowfullscreen\" data-mce-fragment=\"1\"><\/iframe><\/div>\n<blockquote class=\"twitter-tweet\" data-twitter-extracted-i1693297059888264886=\"true\">\n<p dir=\"ltr\" lang=\"fr\">Il neige ce lundi matin \u00e0 Zermatt (1638 m) ! La temp\u00e9rature a marqu\u00e9 un recul drastique en 4 jours. Jeudi, le thermom\u00e8tre de la station mesurait 31.2 \u00b0C. Ce matin \u00e0 11h15, on rel\u00e8ve 0.5 \u00b0C. La limite pluie\/neige se situe entre 2000 et 2400 m dans le reste des Alpes suisses.\u00a0<a href=\"https:\/\/t.co\/N86vCfvf2R\">pic.twitter.com\/N86vCfvf2R<\/a><\/p>\n<p>\u2014 M\u00e9t\u00e9oSuisse (@meteosuisse)\u00a0<a href=\"https:\/\/twitter.com\/meteosuisse\/status\/1696091185184448718?ref_src=twsrc%5Etfw\">August 28, 2023<\/a><\/p><\/blockquote>\n<p>&nbsp;<\/p>\n<p>&nbsp;<\/p>\n<div class=\"lm-zs-enabled overlay-plain\" data-lm-zs-src=\"[&quot;https:\/\/www.gazetaexpress.com\/wp-content\/uploads\/2023\/08\/zvicer.png&quot;, &quot;https:\/\/www.gazetaexpress.com\/wp-content\/uploads\/2023\/08\/230404-donald-trump-court-room-ew-348p-138a82.jpg&quot;, &quot;https:\/\/www.gazetaexpress.com\/wp-content\/uploads\/2023\/08\/PASS.png&quot;, &quot;https:\/\/www.gazetaexpress.com\/wp-content\/uploads\/2023\/08\/Capture-336.jpg&quot;]\">\n<div class=\"lm-zs-slideshow\">\n<div class=\"lm-click-for-story\"><\/div>\n<\/div>\n<\/div>\n","protected":false},"excerpt":{"rendered":"<p>Nj\u00eb fenomen i pazakont\u00eb ka ndodhur n\u00eb Zvic\u00ebr, ku fill pas temperaturave t\u00eb larta vendi \u00ebsht\u00eb goditur nga reshje t\u00eb dendura shiu, por dhe reshje<\/p>\n","protected":false},"author":14,"featured_media":0,"comment_status":"open","ping_status":"open","sticky":false,"template":"","format":"standard","meta":{"footnotes":""},"categories":[46],"tags":[],"class_list":["post-15165","post","type-post","status-publish","format-standard","hentry","category-bota"],"_links":{"self":[{"href":"https:\/\/indeks.bilten.mk\/index.php?rest_route=\/wp\/v2\/posts\/15165","targetHints":{"allow":["GET"]}}],"collection":[{"href":"https:\/\/indeks.bilten.mk\/index.php?rest_route=\/wp\/v2\/posts"}],"about":[{"href":"https:\/\/indeks.bilten.mk\/index.php?rest_route=\/wp\/v2\/types\/post"}],"author":[{"embeddable":true,"href":"https:\/\/indeks.bilten.mk\/index.php?rest_route=\/wp\/v2\/users\/14"}],"replies":[{"embeddable":true,"href":"https:\/\/indeks.bilten.mk\/index.php?rest_route=%2Fwp%2Fv2%2Fcomments&post=15165"}],"version-history":[{"count":0,"href":"https:\/\/indeks.bilten.mk\/index.php?rest_route=\/wp\/v2\/posts\/15165\/revisions"}],"wp:attachment":[{"href":"https:\/\/indeks.bilten.mk\/index.php?rest_route=%2Fwp%2Fv2%2Fmedia&parent=15165"}],"wp:term":[{"taxonomy":"category","embeddable":true,"href":"https:\/\/indeks.bilten.mk\/index.php?rest_route=%2Fwp%2Fv2%2Fcategories&post=15165"},{"taxonomy":"post_tag","embeddable":true,"href":"https:\/\/indeks.bilten.mk\/index.php?rest_route=%2Fwp%2Fv2%2Ftags&post=15165"}],"curies":[{"name":"wp","href":"https:\/\/api.w.org\/{rel}","templated":true}]}}