{"id":15171,"date":"2023-08-29T10:35:40","date_gmt":"2023-08-29T08:35:40","guid":{"rendered":"https:\/\/indeks.mk\/?p=15171"},"modified":"2023-08-29T10:35:40","modified_gmt":"2023-08-29T08:35:40","slug":"arrestohet-pedofili-nga-gostivari-dyshohet-se-perdhunoi-vajzen-e-motres-se-bashkeshortes","status":"publish","type":"post","link":"https:\/\/indeks.bilten.mk\/?p=15171","title":{"rendered":"Arrestohet pedofili nga Gostivari, dyshohet se p\u00ebrdhunoi vajz\u00ebn e motr\u00ebs s\u00eb bashk\u00ebshortes&#8230;"},"content":{"rendered":"<div class=\"xdj266r x11i5rnm xat24cr x1mh8g0r x1vvkbs x126k92a\">\n<div dir=\"auto\">Para pak \u00e7astesh, p\u00ebrball\u00eb NP Komunalec n\u00eb Gostivar u arrestua n\u00ebpun\u00ebsi i higjien\u00ebs n\u00eb k\u00ebt\u00eb nd\u00ebrmarrje, p\u00ebr shkak t\u00eb dyshimeve p\u00ebr p\u00ebrdhunim t\u00eb nj\u00eb vajze t\u00eb mitur.<\/div>\n<div dir=\"auto\"><\/div>\n<\/div>\n<div class=\"x11i5rnm xat24cr x1mh8g0r x1vvkbs xtlvy1s x126k92a\">\n<div dir=\"auto\"><a class=\"x1i10hfl xjbqb8w x6umtig x1b1mbwd xaqea5y xav7gou x9f619 x1ypdohk xt0psk2 xe8uvvx xdj266r x11i5rnm xat24cr x1mh8g0r xexx8yu x4uap5 x18d9i69 xkhd6sd x16tdsg8 x1hl2dhg xggy1nq x1a2a7pz xt0b8zv x1qq9wsj xo1l8bm\" tabindex=\"0\" role=\"link\" href=\"https:\/\/www.facebook.com\/gostivarisot.mk?__cft__[0]=AZU_e4PY6n9PElxwAIWzyBq3cuhPyDJAztvvIaTx1FF4jXH_QJamBM8AQBArK_1keZ3IA_Znp9erIONuTnvG8kbeABqNk1CXw1_02PbjKbYJAk2xf7P-TSEJaJ0OAL2BC6DalVS4D_UaISavosSlbNxJhicA2MUsRjO_9AjRdMOqQA7TFKA_iKnlVrRBT538ToU&amp;__tn__=-]K-R\"><span class=\"xt0psk2\">Gostivari Sot<\/span><\/a> jo zyrtarisht m\u00ebson q\u00eb personi i arrestuar dyshohet se p\u00ebrdhunoi vajz\u00ebn 14 vje\u00e7are q\u00eb ishin n\u00eb raporte miq\u00ebsie.<\/div>\n<div dir=\"auto\"><\/div>\n<\/div>\n<div class=\"x11i5rnm xat24cr x1mh8g0r x1vvkbs xtlvy1s x126k92a\">\n<div dir=\"auto\">Viktima e p\u00ebrdhunimit \u00ebsht\u00eb vajza e motr\u00ebs s\u00eb bashk\u00ebshortes s\u00eb autorit t\u00eb dyshuar p\u00ebr pedofili.<\/div>\n<div dir=\"auto\"><\/div>\n<\/div>\n<div class=\"x11i5rnm xat24cr x1mh8g0r x1vvkbs xtlvy1s x126k92a\">\n<div dir=\"auto\">Lajmi n\u00eb p\u00ebrdit\u00ebsim\u2026<\/div>\n<\/div>\n<div class=\"x11i5rnm xat24cr x1mh8g0r x1vvkbs xtlvy1s x126k92a\">\n<div dir=\"auto\"><\/div>\n<\/div>\n","protected":false},"excerpt":{"rendered":"<p>Para pak \u00e7astesh, p\u00ebrball\u00eb NP Komunalec n\u00eb Gostivar u arrestua n\u00ebpun\u00ebsi i higjien\u00ebs n\u00eb k\u00ebt\u00eb nd\u00ebrmarrje, p\u00ebr shkak t\u00eb dyshimeve p\u00ebr p\u00ebrdhunim t\u00eb nj\u00eb vajze<\/p>\n","protected":false},"author":14,"featured_media":0,"comment_status":"open","ping_status":"open","sticky":false,"template":"","format":"standard","meta":{"footnotes":""},"categories":[44],"tags":[],"class_list":["post-15171","post","type-post","status-publish","format-standard","hentry","category-maqedoni"],"_links":{"self":[{"href":"https:\/\/indeks.bilten.mk\/index.php?rest_route=\/wp\/v2\/posts\/15171","targetHints":{"allow":["GET"]}}],"collection":[{"href":"https:\/\/indeks.bilten.mk\/index.php?rest_route=\/wp\/v2\/posts"}],"about":[{"href":"https:\/\/indeks.bilten.mk\/index.php?rest_route=\/wp\/v2\/types\/post"}],"author":[{"embeddable":true,"href":"https:\/\/indeks.bilten.mk\/index.php?rest_route=\/wp\/v2\/users\/14"}],"replies":[{"embeddable":true,"href":"https:\/\/indeks.bilten.mk\/index.php?rest_route=%2Fwp%2Fv2%2Fcomments&post=15171"}],"version-history":[{"count":0,"href":"https:\/\/indeks.bilten.mk\/index.php?rest_route=\/wp\/v2\/posts\/15171\/revisions"}],"wp:attachment":[{"href":"https:\/\/indeks.bilten.mk\/index.php?rest_route=%2Fwp%2Fv2%2Fmedia&parent=15171"}],"wp:term":[{"taxonomy":"category","embeddable":true,"href":"https:\/\/indeks.bilten.mk\/index.php?rest_route=%2Fwp%2Fv2%2Fcategories&post=15171"},{"taxonomy":"post_tag","embeddable":true,"href":"https:\/\/indeks.bilten.mk\/index.php?rest_route=%2Fwp%2Fv2%2Ftags&post=15171"}],"curies":[{"name":"wp","href":"https:\/\/api.w.org\/{rel}","templated":true}]}}