{"id":15174,"date":"2023-08-29T11:34:37","date_gmt":"2023-08-29T09:34:37","guid":{"rendered":"https:\/\/indeks.mk\/?p=15174"},"modified":"2023-08-29T11:34:37","modified_gmt":"2023-08-29T09:34:37","slug":"lista-e-kengetareve-qe-braktisen-muziken-dhe-iu-perkushtuan-fese-islame","status":"publish","type":"post","link":"https:\/\/indeks.bilten.mk\/?p=15174","title":{"rendered":"Lista e k\u00ebng\u00ebtar\u00ebve q\u00eb braktis\u00ebn muzik\u00ebn dhe iu p\u00ebrkushtuan fes\u00eb islame"},"content":{"rendered":"<p><strong>Me gjith\u00eb talentin dhe prirjen q\u00eb mund t\u00eb ken\u00eb p\u00ebr art, jo t\u00eb gjith\u00eb k\u00ebng\u00ebtar\u00ebt kan\u00eb fatin q\u00eb ta nisin dhe ta p\u00ebrfundojn\u00eb karrier\u00ebn e tyre me muzik\u00eb.<\/strong><\/p>\n<div class=\"code-block code-block-43 code-block-pas-paragrafit-2t-inarticle\">\n<div>\n<div class=\"code-block-label\">P\u00ebr shkaqe t\u00eb ndryshme, shum\u00eb prej tyre mund t\u00eb nd\u00ebrrojn\u00eb profesion, t\u00eb nd\u00ebrprejn\u00eb karrier\u00ebn p\u00ebr nj\u00eb koh\u00eb t\u00eb shkurt\u00ebr apo edhe t\u2019i p\u00ebrkushtohen fes\u00eb.<\/div>\n<\/div>\n<\/div>\n<p>E nuk jan\u00eb t\u00eb pakta rastet kur kjo e fundit ka ndodhur me nj\u00eb mori emrash nga estrada, q\u00eb hoq\u00ebn dor\u00eb nga muzika, p\u00ebr t\u2019iu p\u00ebrkushtuar islamit.<\/p>\n<p>Reperi nga Gjilani, Fero, i cili dikur ishte nj\u00eb senzacion n\u00eb muzik\u00ebn komerciale t\u00eb tregut vendor, i befasoi t\u00eb gjitha pak dit\u00eb m\u00eb par\u00eb me njoftimin p\u00ebr t\u00eb hequr dor\u00eb nga muzika p\u00ebr t\u2019iu bashkuar fes\u00eb.<\/p>\n<p>N\u00eb vazhdim,\u00a0<strong>Telegrafi<\/strong> ju njeh me list\u00ebn e disa personazheve t\u00eb famsh\u00ebm q\u00eb kan\u00eb marr\u00eb nj\u00eb vendim t\u00eb ngjash\u00ebm.<\/p>\n<div class=\"ai-viewport-1\" data-insertion-position=\"prepend\" data-selector=\".ai-insert-1-63562193\" data-insertion-no-dbg=\"\" data-code=\"PGRpdiBjbGFzcz0nY29kZS1ibG9jayBjb2RlLWJsb2NrLTEgY29kZS1ibG9jay1pbmFydGljbGUtZGVza3RvcCcgc3R5bGU9J21hcmdpbjogOHB4IGF1dG87IHRleHQtYWxpZ246IGNlbnRlcjsgZGlzcGxheTogYmxvY2s7IGNsZWFyOiBib3RoOyB3aWR0aDogMzAwcHg7IGhlaWdodDogNDIwcHg7IGJhY2tncm91bmQtY29sb3I6ICNmZmZmZmY7Jz4KPGRpdiBzdHlsZT0icG9zaXRpb246IHN0aWNreTsgdG9wOiAxNXB4OyI+CjxkaXYgY2xhc3M9ImNvZGUtYmxvY2stbGFiZWwiPlJla2xhbWE8L2Rpdj4KPCEtLSBHUFQgQWRTbG90IDE3IGZvciBBZCB1bml0ICdJbi1hcnRpY2xlX2JveF8yJyAjIyMgU2l6ZTogW1szMDAsMjUwXSxbMSwxXV0gLS0+CjxkaXYgaWQ9J2luYXJ0aWNsZTInPgogIDxzY3JpcHQ+CiAgICBnb29nbGV0YWcuY21kLnB1c2goZnVuY3Rpb24oKSB7IGdvb2dsZXRhZy5kaXNwbGF5KCdpbmFydGljbGUyJyk7IH0pOwogIDwvc2NyaXB0Pgo8L2Rpdj4KPCEtLSBFbmQgQWRTbG90IDE3IC0tPgo8L2Rpdj4KPGRpdiBzdHlsZT0iIGhlaWdodDogMzkwcHg7Ij48L2Rpdj4KPC9kaXY+Cg==\" data-block=\"1\">\n<div class=\"code-block code-block-1 code-block-inarticle-desktop\">\n<div>\n<div id=\"inarticle2\" data-google-query-id=\"CKWB6c7HgYEDFZuD_QcdcqEB3w\">\n<div><\/div>\n<div id=\"google_ads_iframe_\/22646657118\/In-article_box_2_0__container__\">Ferki Shala \u2013 TNT<\/div>\n<\/div>\n<\/div>\n<\/div>\n<\/div>\n<figure id=\"attachment_3781951\" class=\"wp-caption alignnone\" aria-describedby=\"caption-attachment-3781951\"><img loading=\"lazy\" decoding=\"async\" class=\"size-full wp-image-3781951\" src=\"https:\/\/telegrafi.com\/wp-content\/uploads\/2023\/08\/ferki2.jpg\" alt=\"\" width=\"1093\" height=\"642\" \/><figcaption id=\"caption-attachment-3781951\" class=\"wp-caption-text\"><strong>Ferki Shala<\/strong>\u00a0(Foto: Facebook)<\/figcaption><\/figure>\n<p>TNT dikur ishte nj\u00eb nga rock-grupet m\u00eb t\u00eb p\u00eblqyera n\u00eb Kosov\u00eb, me hite q\u00eb i rezistuan koh\u00ebs e k\u00ebndohen dhe rip\u00ebrpunohen nga artist t\u00eb rinj edhe sot e k\u00ebsaj dite.<\/p>\n<p>Si\u00e7 r\u00ebndom ndodhi me shum\u00eb grupe t\u00eb tjera t\u00eb muzik\u00ebs rock,edhe TNT me koh\u00ebn u t\u00ebrhoq\u00ebn nga muzika.<\/p>\n<p>Vokalisti i k\u00ebtij grupi, Ferki Shala, iu p\u00ebrkushtua fes\u00eb islame, duke e l\u00ebn\u00eb muzik\u00ebn rock vet\u00ebm n\u00eb arkivat e jet\u00ebs s\u00eb tij profesionale.<\/p>\n<p>Po t\u00eb shoh\u00ebsh me v\u00ebmendje n\u00eb rrjetet sociale t\u00eb muzikantit mitrovicas, sheh vet\u00ebm postime q\u00eb lidhen me nd\u00ebrgjegj\u00ebsimin dhe vet\u00ebdijesimin p\u00ebr r\u00ebnd\u00ebsin\u00eb e fes\u00eb islame.<\/p>\n<h2>Nazmi Sfishta \u2013 Aurora<\/h2>\n<figure id=\"attachment_3781956\" class=\"wp-caption alignnone\" aria-describedby=\"caption-attachment-3781956\"><img loading=\"lazy\" decoding=\"async\" class=\"size-full wp-image-3781956\" src=\"https:\/\/telegrafi.com\/wp-content\/uploads\/2023\/08\/naz.jpg\" alt=\"\" width=\"665\" height=\"692\" \/><figcaption id=\"caption-attachment-3781956\" class=\"wp-caption-text\"><strong>Nazmi Sfishta<\/strong>\u00a0(Foto: Prive)<\/figcaption><\/figure>\n<p>I njohur me emrin artistik si Nazi i grupit Aurora, ish-muzikanti nga Podujeva \u00ebsht\u00eb nj\u00eb prej artist\u00ebve q\u00eb iu dedikua fes\u00eb pasi grupi nuk vazhduan t\u00eb b\u00ebjn\u00eb muzik\u00eb konstante.<\/p>\n<div class=\"ai-viewport-1\" data-insertion-position=\"prepend\" data-selector=\".ai-insert-1-15723168\" data-insertion-no-dbg=\"\" data-code=\"PGRpdiBjbGFzcz0nY29kZS1ibG9jayBjb2RlLWJsb2NrLTEgY29kZS1ibG9jay1pbmFydGljbGUtZGVza3RvcCcgc3R5bGU9J21hcmdpbjogOHB4IGF1dG87IHRleHQtYWxpZ246IGNlbnRlcjsgZGlzcGxheTogYmxvY2s7IGNsZWFyOiBib3RoOyB3aWR0aDogMzAwcHg7IGhlaWdodDogNDIwcHg7IGJhY2tncm91bmQtY29sb3I6ICNmZmZmZmY7Jz4KPGRpdiBzdHlsZT0icG9zaXRpb246IHN0aWNreTsgdG9wOiAxNXB4OyI+CjxkaXYgY2xhc3M9ImNvZGUtYmxvY2stbGFiZWwiPlJla2xhbWE8L2Rpdj4KCjwhLS0gR1BUIEFkU2xvdCAxOCBmb3IgQWQgdW5pdCAnSW4tYXJ0aWNsZV9ib3hfMycgIyMjIFNpemU6IFtbMzAwLDI1MF0sWzEsMV1dIC0tPgo8ZGl2IGlkPSdpbmFydGljbGUzJz4KICA8c2NyaXB0PgogICAgZ29vZ2xldGFnLmNtZC5wdXNoKGZ1bmN0aW9uKCkgeyBnb29nbGV0YWcuZGlzcGxheSgnaW5hcnRpY2xlMycpOyB9KTsKICA8L3NjcmlwdD4KPC9kaXY+CjwhLS0gRW5kIEFkU2xvdCAxOCAtLT4KPC9kaXY+CjxkaXYgc3R5bGU9IiBoZWlnaHQ6IDM5MHB4OyI+PC9kaXY+CjwvZGl2Pgo=\" data-block=\"1\">\n<div class=\"code-block code-block-1 code-block-inarticle-desktop\">\n<div>\n<div id=\"inarticle3\" data-google-query-id=\"CKaB6c7HgYEDFZuD_QcdcqEB3w\">\n<div id=\"google_ads_iframe_\/22646657118\/In-article_box_3_0__container__\">Ai ishte b\u00ebr\u00eb shum\u00eb i p\u00ebrfolur n\u00eb rrjetet sociale vite m\u00eb par\u00eb kur kishte dh\u00ebn\u00eb disa intervista kontraverse, duke u shprehur se \u201d\u00ebsht\u00eb i d\u00ebrguar i Allahut\u201d, madje n\u00eb nj\u00eb prononcim p\u00ebr Prive, kishte th\u00ebn\u00eb edhe se pas shum\u00eb kohe \u201c\u00ebsht\u00eb \u00e7liruar nga djajt\u00eb\u201d.<\/div>\n<\/div>\n<\/div>\n<\/div>\n<\/div>\n<h2>Enis Presheva<\/h2>\n<figure id=\"attachment_3781957\" class=\"wp-caption alignnone\" aria-describedby=\"caption-attachment-3781957\"><img loading=\"lazy\" decoding=\"async\" class=\"size-full wp-image-3781957\" src=\"https:\/\/telegrafi.com\/wp-content\/uploads\/2023\/08\/enis-e1693299080722.jpg\" alt=\"\" width=\"339\" height=\"387\" \/><figcaption id=\"caption-attachment-3781957\" class=\"wp-caption-text\"><strong>Enis Presheva<\/strong>\u00a0(Foto: Getoar Selimi\/Facebook)<\/figcaption><\/figure>\n<p>Kompozitori Enis Presheva dikur ishte nj\u00eb nga duajen\u00ebt e muzik\u00ebs moderne n\u00eb estrad\u00ebn shqiptare. Madje, ai ishte nd\u00ebr t\u00eb vetmit q\u00eb n\u00eb vitet 90\u2019 ishte i njohur me zhanrin R&amp;B , i cili para luft\u00ebs ishte pak i njohur e i eksploruar n\u00eb Kosov\u00ebs.<\/p>\n<p>Megjithat\u00eb, edhe Enisi e gjeti veten m\u00eb shum\u00eb n\u00eb rrug\u00ebn e religjionit, duke gjetur paqen n\u00eb p\u00ebrkushtimin ndaj fes\u00eb t\u00eb cil\u00ebs i takon.<\/p>\n<p>Pavar\u00ebsisht p\u00ebrkushtimit n\u00eb fe, Enis Presheva ka qen\u00eb deri von\u00eb i angazhuar n\u00eb krijimin e projekteve muzikore p\u00ebr artist\u00eb t\u00eb tjer\u00eb.<\/p>\n<div class=\"ai-viewport-1\" data-insertion-position=\"prepend\" data-selector=\".ai-insert-1-20415442\" data-insertion-no-dbg=\"\" data-code=\"PGRpdiBjbGFzcz0nY29kZS1ibG9jayBjb2RlLWJsb2NrLTEgY29kZS1ibG9jay1pbmFydGljbGUtZGVza3RvcCcgc3R5bGU9J21hcmdpbjogOHB4IGF1dG87IHRleHQtYWxpZ246IGNlbnRlcjsgZGlzcGxheTogYmxvY2s7IGNsZWFyOiBib3RoOyB3aWR0aDogMzAwcHg7IGhlaWdodDogNDIwcHg7IGJhY2tncm91bmQtY29sb3I6ICNmZmZmZmY7Jz4KPGRpdiBzdHlsZT0icG9zaXRpb246IHN0aWNreTsgdG9wOiAxNXB4OyI+CjxkaXYgY2xhc3M9ImNvZGUtYmxvY2stbGFiZWwiPlJla2xhbWE8L2Rpdj4KCjxkaXYgaWQ9IlBBLVRhYm9vbGEiPjwvZGl2Pgo8L2Rpdj4KPGRpdiBzdHlsZT0iIGhlaWdodDogMzkwcHg7Ij48L2Rpdj4KPC9kaXY+Cg==\" data-block=\"1\">\n<div class=\"code-block code-block-1 code-block-inarticle-desktop\">\n<div>\n<div id=\"taboola-sponsored-mid-article\" class=\" trc_related_container trc_spotlight_widget trc_elastic trc_elastic_sc-mid-article-telegrafi \" data-placement-name=\"Sponsored Mid Article\">\n<div class=\"trc_rbox_container\">\n<div>\n<div id=\"trc_wrapper_22927\" class=\"trc_rbox sc-mid-article-telegrafi trc-content-sponsored \">\n<div class=\"trc_clearer\"><\/div>\n<\/div>\n<\/div>\n<\/div>\n<\/div>\n<\/div>\n<div>Shk\u00ebndije Mujaj<\/div>\n<\/div>\n<\/div>\n<figure id=\"attachment_3781960\" class=\"wp-caption alignnone\" aria-describedby=\"caption-attachment-3781960\"><img loading=\"lazy\" decoding=\"async\" class=\"size-full wp-image-3781960\" src=\"https:\/\/telegrafi.com\/wp-content\/uploads\/2023\/08\/shkenda.jpg\" sizes=\"auto, (max-width: 1440px) 100vw, 1440px\" srcset=\"https:\/\/telegrafi.com\/wp-content\/uploads\/2023\/08\/shkenda.jpg 1440w, https:\/\/telegrafi.com\/wp-content\/uploads\/2023\/08\/shkenda-1229x1536.jpg 1229w\" alt=\"\" width=\"1440\" height=\"1800\" \/><figcaption id=\"caption-attachment-3781960\" class=\"wp-caption-text\"><strong>Shk\u00ebndije Mujaj<\/strong>\u00a0(Foto: Shk\u00ebndije Mujaj\/Instagram)<\/figcaption><\/figure>\n<p>Ndon\u00ebse nuk ka pasur ndonj\u00eb karrier\u00eb t\u00eb lul\u00ebzuar n\u00eb muzik\u00eb dhe nuk ka qen\u00eb shum\u00eb e njohur p\u00ebr k\u00ebng\u00eb, aq sa p\u00ebr paraqitjet e saj t\u00eb ekzagj\u00ebruara n\u00eb publik, k\u00ebng\u00ebtarja Shk\u00ebndije Mujaj i bashkohet list\u00ebs s\u00eb personazheve publike q\u00eb iu p\u00ebrkushtua fes\u00eb.<\/p>\n<p>Sipas bukuroshes me origjin\u00eb nga Peja, gjith\u00e7ka nisi nga nj\u00eb \u00ebnd\u00ebrr q\u00eb ajo pa, e cila e shtyu drejt p\u00ebrkushtimit n\u00eb islam dhe dedikimit ndaj fes\u00eb.<\/p>\n<p>Mujaj madje ka dh\u00ebn\u00eb disa intervista n\u00eb televizione, ku ka folur mbi m\u00ebnyr\u00ebn se si e predikon fen\u00eb dhe se si ka gjetur qet\u00ebsin\u00eb me jet\u00ebn e saj t\u00eb re n\u00eb Zvic\u00ebr, dedikuar si nj\u00eb myslimane e devtoshme.<\/p>\n<h2>Feronit Shabani \u2013 Fero<\/h2>\n<figure id=\"attachment_3781963\" class=\"wp-caption alignnone\" aria-describedby=\"caption-attachment-3781963\"><img loading=\"lazy\" decoding=\"async\" class=\"size-full wp-image-3781963\" src=\"https:\/\/telegrafi.com\/wp-content\/uploads\/2023\/08\/feeeee.jpg\" alt=\"\" width=\"791\" height=\"598\" \/><figcaption id=\"caption-attachment-3781963\" class=\"wp-caption-text\"><strong>Fero<\/strong>\u00a0(Foto: Instagram)<\/figcaption><\/figure>\n<p>I fundit q\u00eb p\u00ebrmbyll ciklin e disa t\u00eb famshm\u00ebve t\u00eb estrad\u00ebs q\u00eb iu bashkua fes\u00eb \u00ebsht\u00eb reperi i njohur nga Gjilani, Fero.<\/p>\n<div class=\"ai-viewport-1\" data-insertion-position=\"prepend\" data-selector=\".ai-insert-1-97834127\" data-insertion-no-dbg=\"\" data-code=\"PGRpdiBjbGFzcz0nY29kZS1ibG9jayBjb2RlLWJsb2NrLTEgY29kZS1ibG9jay1pbmFydGljbGUtZGVza3RvcCcgc3R5bGU9J21hcmdpbjogOHB4IGF1dG87IHRleHQtYWxpZ246IGNlbnRlcjsgZGlzcGxheTogYmxvY2s7IGNsZWFyOiBib3RoOyB3aWR0aDogMzAwcHg7IGhlaWdodDogNDIwcHg7IGJhY2tncm91bmQtY29sb3I6ICNmZmZmZmY7Jz4KPGRpdiBzdHlsZT0icG9zaXRpb246IHN0aWNreTsgdG9wOiAxNXB4OyI+CjxkaXYgY2xhc3M9ImNvZGUtYmxvY2stbGFiZWwiPlJla2xhbWE8L2Rpdj4KCjwhLS0gR1BUIEFkU2xvdCAxOSBmb3IgQWQgdW5pdCAnSW4tYXJ0aWNsZV9ib3hfNC0yJyAjIyMgU2l6ZTogW1szMDAsMjUwXSxbMSwxXV0gLS0+CjxkaXYgaWQ9J2luYXJ0aWNsZTQnPgogIDxzY3JpcHQ+CiAgICBnb29nbGV0YWcuY21kLnB1c2goZnVuY3Rpb24oKSB7IGdvb2dsZXRhZy5kaXNwbGF5KCdpbmFydGljbGU0Jyk7IH0pOwogIDwvc2NyaXB0Pgo8L2Rpdj4KPCEtLSBFbmQgQWRTbG90IDE5IC0tPgo8L2Rpdj4KPGRpdiBzdHlsZT0iIGhlaWdodDogMzkwcHg7Ij48L2Rpdj4KPC9kaXY+Cg==\" data-block=\"1\">\n<div class=\"code-block code-block-1 code-block-inarticle-desktop\">\n<div>\n<div class=\"code-block-label\">Shum\u00eb vite m\u00eb par\u00eb, ai pati nj\u00eb debutim mjaft t\u00eb p\u00ebrfolur n\u00eb muzik\u00eb, por me largimin e tij nga sht\u00ebpia diskografike \u201cON Records\u201d, karriera e tij duket sikur shkoi vet\u00ebm n\u00eb r\u00ebnie.<\/div>\n<\/div>\n<\/div>\n<\/div>\n<p>N\u00eb gushtin e k\u00ebtij viti, reperi p\u00ebrmes nj\u00eb shkrimi n\u00eb rrjetet sociale njoftoi se po hiqte dor\u00eb nga muzika dhe se u b\u00ebnte thirrje fansave q\u00eb t\u00eb mos e d\u00ebgjonin muzik\u00ebn e dikurshme q\u00eb tani e cil\u00ebson si degraduese dhe \u00ebsht\u00eb n\u00eb kund\u00ebrshtim me rregullat e fes\u00eb.<\/p>\n<p>Thuajse t\u00eb gjitha k\u00ebto kthime n\u00eb p\u00ebrkushtimin ndaj fes\u00eb, jan\u00eb mir\u00ebpritur dhe duartrokitur nga komuniteti i mysliman\u00ebve t\u00eb dedikuar ndaj fes\u00eb islame.\u00a0<strong><em>\/Telegrafi\/<\/em><\/strong><\/p>\n","protected":false},"excerpt":{"rendered":"<p>Me gjith\u00eb talentin dhe prirjen q\u00eb mund t\u00eb ken\u00eb p\u00ebr art, jo t\u00eb gjith\u00eb k\u00ebng\u00ebtar\u00ebt kan\u00eb fatin q\u00eb ta nisin dhe ta p\u00ebrfundojn\u00eb karrier\u00ebn e<\/p>\n","protected":false},"author":14,"featured_media":0,"comment_status":"open","ping_status":"open","sticky":false,"template":"","format":"standard","meta":{"footnotes":""},"categories":[49],"tags":[],"class_list":["post-15174","post","type-post","status-publish","format-standard","hentry","category-showbiz"],"_links":{"self":[{"href":"https:\/\/indeks.bilten.mk\/index.php?rest_route=\/wp\/v2\/posts\/15174","targetHints":{"allow":["GET"]}}],"collection":[{"href":"https:\/\/indeks.bilten.mk\/index.php?rest_route=\/wp\/v2\/posts"}],"about":[{"href":"https:\/\/indeks.bilten.mk\/index.php?rest_route=\/wp\/v2\/types\/post"}],"author":[{"embeddable":true,"href":"https:\/\/indeks.bilten.mk\/index.php?rest_route=\/wp\/v2\/users\/14"}],"replies":[{"embeddable":true,"href":"https:\/\/indeks.bilten.mk\/index.php?rest_route=%2Fwp%2Fv2%2Fcomments&post=15174"}],"version-history":[{"count":0,"href":"https:\/\/indeks.bilten.mk\/index.php?rest_route=\/wp\/v2\/posts\/15174\/revisions"}],"wp:attachment":[{"href":"https:\/\/indeks.bilten.mk\/index.php?rest_route=%2Fwp%2Fv2%2Fmedia&parent=15174"}],"wp:term":[{"taxonomy":"category","embeddable":true,"href":"https:\/\/indeks.bilten.mk\/index.php?rest_route=%2Fwp%2Fv2%2Fcategories&post=15174"},{"taxonomy":"post_tag","embeddable":true,"href":"https:\/\/indeks.bilten.mk\/index.php?rest_route=%2Fwp%2Fv2%2Ftags&post=15174"}],"curies":[{"name":"wp","href":"https:\/\/api.w.org\/{rel}","templated":true}]}}