{"id":15181,"date":"2023-08-29T11:41:26","date_gmt":"2023-08-29T09:41:26","guid":{"rendered":"https:\/\/indeks.mk\/?p=15181"},"modified":"2023-08-29T11:41:26","modified_gmt":"2023-08-29T09:41:26","slug":"zana-avdiu-cka-po-kerkoni-prej-rita-ores-gazetarja-nushi-do-do-shiten-patriota-e-ngojne-cecen","status":"publish","type":"post","link":"https:\/\/indeks.bilten.mk\/?p=15181","title":{"rendered":"Zana Avdiu: \u00c7ka po k\u00ebrkoni prej Rita Or\u00ebs? Gazetarja Nushi: Do do shiten patriota, e ngojn\u00eb Cec\u00ebn"},"content":{"rendered":"<p><strong>\u00cbsht\u00eb ambasadore e madhe e Kosov\u00ebs. Rita Ora \u00ebsht\u00eb k\u00ebng\u00ebtarja e cila gjithmon\u00eb i ka dh\u00ebn\u00eb p\u00ebrkrahje t\u00eb madhe p\u00ebr vendlindjen e saj.<\/strong><\/p>\n<p>Por, n\u00eb nj\u00eb koncert t\u00eb fundit t\u00eb saj ka ndodhur nj\u00eb incident q\u00eb krijoi shum\u00eb debat. Meqen\u00ebse ajo gjat\u00eb performanc\u00ebs mori flamurin serb, pati komente t\u00eb shumta.<\/p>\n<p>Mir\u00ebpo, analistja Zana Avdiu n\u00eb emisionin \u201cEra Ver\u00eb\u201d ka dh\u00ebn\u00eb mb\u00ebshtetjen e saj p\u00ebr k\u00ebng\u00ebtaren shqiptare.<\/p>\n<p>E ftuar ishte edhe gazetarja Paulina Nushi, e cila gjithashtu e mb\u00ebshteti Rita Or\u00ebn. \u201cDo shiten patriota e ngojn\u00eb Cec\u00ebn\u201d, tha ajo.<\/p>\n<p>M\u00eb shum\u00eb detaje nga kjo intervist\u00eb i gjeni n\u00eb videon n\u00eb vazhdim.<\/p>\n<p><iframe loading=\"lazy\" src=\"https:\/\/www.facebook.com\/plugins\/video.php?height=476&amp;href=https%3A%2F%2Fwww.facebook.com%2FT7plus%2Fvideos%2F563650349159137%2F&amp;show_text=true&amp;width=476&amp;t=0\" width=\"476\" height=\"591\" frameborder=\"0\" scrolling=\"no\" allowfullscreen=\"allowfullscreen\" data-mce-fragment=\"1\"><\/iframe><\/p>\n","protected":false},"excerpt":{"rendered":"<p>\u00cbsht\u00eb ambasadore e madhe e Kosov\u00ebs. Rita Ora \u00ebsht\u00eb k\u00ebng\u00ebtarja e cila gjithmon\u00eb i ka dh\u00ebn\u00eb p\u00ebrkrahje t\u00eb madhe p\u00ebr vendlindjen e saj. Por, n\u00eb<\/p>\n","protected":false},"author":14,"featured_media":0,"comment_status":"open","ping_status":"open","sticky":false,"template":"","format":"standard","meta":{"footnotes":""},"categories":[49],"tags":[],"class_list":["post-15181","post","type-post","status-publish","format-standard","hentry","category-showbiz"],"_links":{"self":[{"href":"https:\/\/indeks.bilten.mk\/index.php?rest_route=\/wp\/v2\/posts\/15181","targetHints":{"allow":["GET"]}}],"collection":[{"href":"https:\/\/indeks.bilten.mk\/index.php?rest_route=\/wp\/v2\/posts"}],"about":[{"href":"https:\/\/indeks.bilten.mk\/index.php?rest_route=\/wp\/v2\/types\/post"}],"author":[{"embeddable":true,"href":"https:\/\/indeks.bilten.mk\/index.php?rest_route=\/wp\/v2\/users\/14"}],"replies":[{"embeddable":true,"href":"https:\/\/indeks.bilten.mk\/index.php?rest_route=%2Fwp%2Fv2%2Fcomments&post=15181"}],"version-history":[{"count":0,"href":"https:\/\/indeks.bilten.mk\/index.php?rest_route=\/wp\/v2\/posts\/15181\/revisions"}],"wp:attachment":[{"href":"https:\/\/indeks.bilten.mk\/index.php?rest_route=%2Fwp%2Fv2%2Fmedia&parent=15181"}],"wp:term":[{"taxonomy":"category","embeddable":true,"href":"https:\/\/indeks.bilten.mk\/index.php?rest_route=%2Fwp%2Fv2%2Fcategories&post=15181"},{"taxonomy":"post_tag","embeddable":true,"href":"https:\/\/indeks.bilten.mk\/index.php?rest_route=%2Fwp%2Fv2%2Ftags&post=15181"}],"curies":[{"name":"wp","href":"https:\/\/api.w.org\/{rel}","templated":true}]}}