{"id":15184,"date":"2023-08-29T11:45:42","date_gmt":"2023-08-29T09:45:42","guid":{"rendered":"https:\/\/indeks.mk\/?p=15184"},"modified":"2023-08-29T11:45:42","modified_gmt":"2023-08-29T09:45:42","slug":"flet-per-mediat-serbe-i-riu-qe-ia-hodhi-rita-ores-flamurin-serb-ne-koncert","status":"publish","type":"post","link":"https:\/\/indeks.bilten.mk\/?p=15184","title":{"rendered":"Flet p\u00ebr mediat serbe i riu q\u00eb ia hodhi Rita Or\u00ebs flamurin serb n\u00eb koncert&#8230;"},"content":{"rendered":"<p>Rita Ora pak dit\u00eb m\u00eb par\u00eb \u00ebsht\u00eb kthyer n\u00eb tem\u00ebn e diskutimit n\u00eb t\u00eb gjitha mediat shqiptare dhe ato t\u00eb Serbis\u00eb.<\/p>\n<p>E shkak p\u00ebr k\u00ebt\u00eb u b\u00eb nj\u00eb performanc\u00eb e saj n\u00eb nj\u00eb festival n\u00eb Hungari, ku k\u00ebng\u00ebtares shqiptare i \u00ebsht\u00eb dh\u00ebn\u00eb nj\u00eb flamur serb dhe ajo (duke menduar q\u00eb ka nj\u00eb flamur hungarez n\u00eb duar) e ka marr\u00eb at\u00eb me vete n\u00eb sken\u00eb.<\/p>\n<p>Tani, fansi n\u00eb fjal\u00eb i quajtur Borivoje, ka folur n\u00eb nj\u00eb intervist\u00eb p\u00ebr\u00a0<a href=\"https:\/\/www.telegraf.rs\/jetset\/vesti-jetset\/3739208-decko-od-kojeg-je-rita-uzela-zastavu-otkrio-kakve-veze-ima-sa-srbijom\" target=\"_blank\" rel=\"noreferrer noopener\">Telegrafin e Serbis\u00eb<\/a>\u00a0dhe ka shprehur p\u00ebrshtypjet e tij lidhur me ngjarjen.<\/p>\n<p>Borivoje, si\u00e7 ka shpjeguar vet \u00ebsht\u00eb hungarez, por duke qen\u00eb se \u00ebsht\u00eb f\u00ebmij\u00eb q\u00eb vjen nga nj\u00eb martes\u00eb e p\u00ebrzier, n\u00ebna e tij \u00ebsht\u00eb serbe dhe babai i tij hungarez, e ka sjell\u00eb flamurin n\u00eb koncert.<\/p>\n<p>\u201cKam lindur n\u00eb Hungari, n\u00ebna ime \u00ebsht\u00eb serbe, kam shkuar n\u00eb festivalin SZIN dhe flamurin serb e mbaj gjithmon\u00eb me vete. E kam futur pa problem, n\u00eb Szeged i duan shum\u00eb serb\u00ebt dhe nuk kan\u00eb b\u00ebr\u00eb asnj\u00eb problem\u201d, ka zbuluar Borivoje p\u00ebr Telegraf.rs.<\/p>\n<p>\u201cKam ardhur m\u00eb her\u00ebt p\u00ebr t\u2019u ulur n\u00eb rreshtin e par\u00eb p\u00ebr t\u00eb xhiruar nj\u00eb video n\u00eb Instagram \u2013 me flamurin e Serbis\u00eb n\u00eb koncertin e Rit\u00ebs\u201d, tha ai.<\/p>\n<p>Si\u00e7 zbuloi Borivoje, ai nuk ia dha flamurin, por ajo e mori vet\u00eb dhe u mbulua, gj\u00eb q\u00eb e habiti edhe at\u00eb.<\/p>\n<p>\u201cM\u00eb befasoi edhe ajo, ma mori flamurin nga dora. Un\u00eb thjesht doja t\u00eb b\u00ebja nj\u00eb video p\u00ebr TikTok. Askush tjet\u00ebr nuk ishte me flamurin e Serbis\u00eb p\u00ebrve\u00e7 meje\u201d, thai riu hungarez p\u00ebr mediumin serb.<\/p>\n<p>N\u00eb fund ai ka treguar se m\u00eb pas nuk ka pasur asnj\u00eb problem dhe se pas koncertit ka biseduar me nj\u00eb shqiptar q\u00eb ka par\u00eb gjith\u00e7ka dhe i ka th\u00ebn\u00eb \u201cse ishte shum\u00eb i zhg\u00ebnjyer nga Rita\u201d.<\/p>\n<figure class=\"wp-block-image\"><img decoding=\"async\" class=\"wp-image-3781673\" src=\"https:\/\/telegrafi.com\/wp-content\/uploads\/2023\/08\/bororovoj.jpg\" alt=\"\" \/><figcaption>Foto: Borovije\/Instagram<\/figcaption><\/figure>\n<p>\u201cNuk pata asnj\u00eb problem pas k\u00ebsaj. Un\u00eb pas koncertit fola me nj\u00eb shqiptar dhe i thash\u00eb se ajo ma mori flamurin nga dora, dhe ai tha se nuk ishte faji im dhe se ishte shum\u00eb i zhg\u00ebnjyer prej saj\u201d, ka p\u00ebrfunduar Borovioje.<\/p>\n<p>Rita p\u00ebrndryshe gjat\u00eb dit\u00ebs s\u00eb diel ka shpjeguar se as nuk e kishte iden\u00eb se \u00e7far\u00eb flamuri ishte ai q\u00eb mbante n\u00eb duar dhe se pa dashje e ka marr\u00eb at\u00eb me vete n\u00eb sken\u00eb, duke menduar se flamuri n\u00eb fjal\u00eb \u00ebsht\u00eb i Hungaris\u00eb.<\/p>\n<p>&nbsp;<\/p>\n<div class=\"lm-zs-enabled overlay-plain\" data-lm-zs-src=\"[&quot;https:\/\/www.gazetaexpress.com\/wp-content\/uploads\/2023\/08\/1693290724_xhuljobitriklajdibitri.jpg&quot;, &quot;https:\/\/www.gazetaexpress.com\/wp-content\/uploads\/2022\/09\/aeroplan.png&quot;, &quot;https:\/\/www.gazetaexpress.com\/wp-content\/uploads\/2023\/08\/IMG_0365.jpeg&quot;, &quot;https:\/\/www.gazetaexpress.com\/wp-content\/uploads\/2023\/08\/Ferit-Idrizi.jpg&quot;]\">\n<div class=\"lm-zs-slideshow\">\n<div class=\"lm-zs-slides\">\n<div class=\"lm-zs-slide lm-zs-slide-0 passed\"><\/div>\n<div class=\"lm-zs-slide lm-zs-slide-1 passed\"><\/div>\n<div class=\"lm-zs-slide lm-zs-slide-2 passed\"><\/div>\n<div class=\"lm-zs-slide lm-zs-slide-3 passed active\"><\/div>\n<\/div>\n<div class=\"lm-zs-bullets\">\n<div class=\"lm-zs-bullet lm-zs-bullet-0 passed\"><\/div>\n<div class=\"lm-zs-bullet lm-zs-bullet-1 passed\"><\/div>\n<div class=\"lm-zs-bullet lm-zs-bullet-2 passed\"><\/div>\n<\/div>\n<\/div>\n<\/div>\n","protected":false},"excerpt":{"rendered":"<p>Rita Ora pak dit\u00eb m\u00eb par\u00eb \u00ebsht\u00eb kthyer n\u00eb tem\u00ebn e diskutimit n\u00eb t\u00eb gjitha mediat shqiptare dhe ato t\u00eb Serbis\u00eb. E shkak p\u00ebr k\u00ebt\u00eb<\/p>\n","protected":false},"author":14,"featured_media":0,"comment_status":"open","ping_status":"open","sticky":false,"template":"","format":"standard","meta":{"footnotes":""},"categories":[49],"tags":[],"class_list":["post-15184","post","type-post","status-publish","format-standard","hentry","category-showbiz"],"_links":{"self":[{"href":"https:\/\/indeks.bilten.mk\/index.php?rest_route=\/wp\/v2\/posts\/15184","targetHints":{"allow":["GET"]}}],"collection":[{"href":"https:\/\/indeks.bilten.mk\/index.php?rest_route=\/wp\/v2\/posts"}],"about":[{"href":"https:\/\/indeks.bilten.mk\/index.php?rest_route=\/wp\/v2\/types\/post"}],"author":[{"embeddable":true,"href":"https:\/\/indeks.bilten.mk\/index.php?rest_route=\/wp\/v2\/users\/14"}],"replies":[{"embeddable":true,"href":"https:\/\/indeks.bilten.mk\/index.php?rest_route=%2Fwp%2Fv2%2Fcomments&post=15184"}],"version-history":[{"count":0,"href":"https:\/\/indeks.bilten.mk\/index.php?rest_route=\/wp\/v2\/posts\/15184\/revisions"}],"wp:attachment":[{"href":"https:\/\/indeks.bilten.mk\/index.php?rest_route=%2Fwp%2Fv2%2Fmedia&parent=15184"}],"wp:term":[{"taxonomy":"category","embeddable":true,"href":"https:\/\/indeks.bilten.mk\/index.php?rest_route=%2Fwp%2Fv2%2Fcategories&post=15184"},{"taxonomy":"post_tag","embeddable":true,"href":"https:\/\/indeks.bilten.mk\/index.php?rest_route=%2Fwp%2Fv2%2Ftags&post=15184"}],"curies":[{"name":"wp","href":"https:\/\/api.w.org\/{rel}","templated":true}]}}