{"id":15187,"date":"2023-08-29T12:27:56","date_gmt":"2023-08-29T10:27:56","guid":{"rendered":"https:\/\/indeks.mk\/?p=15187"},"modified":"2023-08-29T12:27:56","modified_gmt":"2023-08-29T10:27:56","slug":"gjykata-e-urdheron-burdushin-te-shkoje-ne-burg-ne-shtator-per-vuajtjen-e-denimit-me-4-vite-e-6-muaj-burgim","status":"publish","type":"post","link":"https:\/\/indeks.bilten.mk\/?p=15187","title":{"rendered":"Gjykata e urdh\u00ebron \u201cBurdushin\u201d t\u00eb shkoj\u00eb n\u00eb burg n\u00eb shtator p\u00ebr vuajtjen e d\u00ebnimit me 4 vite e 6 muaj burgim"},"content":{"rendered":"<p><strong>Hysri Peqani, i njohur si \u201cBurdushi\u201d, nuk ka shkuar ende n\u00eb vuajtje t\u00eb d\u00ebnimit me burgim, pasi nga Gjykata Themelore n\u00eb Prishtin\u00eb, m\u00eb 10 janar 2023, ishte d\u00ebnuar me d\u00ebnim unik prej 4 vite e 6 muaj burgim dhe 42 mij\u00eb euro gjob\u00eb lidhur me akuz\u00ebn p\u00ebr ushtrim t\u00eb kund\u00ebrligjsh\u00ebm t\u00eb veprimtaris\u00eb mjek\u00ebsore ose farmaceutike, mashtrim, shp\u00eblarje parash dhe arm\u00ebmbajtje pa leje, e t\u00eb cilin d\u00ebnim m\u00eb 30 qershor 2023 e kishte v\u00ebrtetuar edhe Gjykata e Apelit.<\/strong><\/p>\n<p>Sipas urdh\u00ebres\u00ebs s\u00eb siguruar nga \u201cBetimi p\u00ebr Drejt\u00ebsi\u201d, Gjykata Themelore n\u00eb Prishtin\u00eb m\u00eb 21 gusht 2023, e ka urdh\u00ebruar \u201cBurdushin\u201d q\u00eb m\u00eb 18 shtator 2023, deri n\u00eb or\u00ebn 12 t\u00eb paraqitet n\u00eb Sh\u00ebrbimin Korrektues t\u00eb Republik\u00ebs s\u00eb Kosov\u00ebs, n\u00eb Qendr\u00ebn e Paraburgimit n\u00eb Prishtin\u00eb, p\u00ebr t\u00eb filluar mbajtjen e d\u00ebnimit me burgim.<\/p>\n<p>N\u00eb k\u00ebt\u00eb urdh\u00ebres\u00eb, thuhet se n\u00ebse i d\u00ebnuari nuk vepron sipas urdh\u00ebres\u00ebs, p\u00ebrkat\u00ebsisht n\u00ebse n\u00eb dit\u00ebn e caktuar nuk paraqitet n\u00eb Institucionin p\u00ebr mbajtjen e d\u00ebnimit, gjykata do t\u00eb l\u00ebshoj\u00eb urdh\u00ebres\u00eb p\u00ebr ndalim dhe d\u00ebrgim me forc\u00eb p\u00ebr mbajtjen e vuajtjes s\u00eb d\u00ebnimit.<\/p>\n<p>Gjykata Themelore n\u00eb Prishtin\u00eb, ka deklaruar se ende nuk kan\u00eb pranuar ndonj\u00eb d\u00ebshmi n\u00ebse urdh\u00ebresa e l\u00ebshuar nga gjykata \u00ebsht\u00eb pranuar nga \u201cBurdushi\u201d.<\/p>\n<p>\u201cReferuar k\u00ebrkes\u00ebs tuaj p\u00ebr informata, nga Zyra p\u00ebr Ekzekutimin e Sanksioneve Penale t\u00eb gjykat\u00ebs, jemi informuar se ka filluar procedura e ekzekutimit t\u00eb d\u00ebnimit me burgim p\u00ebr t\u00eb d\u00ebnuarin H.P. T\u00eb d\u00ebnuarit H.P i \u00ebsht\u00eb d\u00ebrguar nga gjykata urdh\u00ebresa q\u00eb t\u00eb lajm\u00ebrohet n\u00eb institucionin p\u00ebr mbajtjen e d\u00ebnimit me burgim, mir\u00ebpo gjykata ende nuk ka d\u00ebshmi se \u00ebsht\u00eb pranuar urdh\u00ebresa nga i nj\u00ebjti\u201d, thuhet n\u00eb p\u00ebrgjigjen e gjykat\u00ebs.<\/p>\n<p>Gjithashtu n\u00eb p\u00ebrgjigjen e gjykat\u00ebs, thuhet se i nj\u00ebjti nuk ka b\u00ebr\u00eb ende ndonj\u00eb k\u00ebrkes\u00eb p\u00ebr shtyrje t\u00eb ekzekutimit t\u00eb d\u00ebnimit me burg.<\/p>\n<p>Edhe mbrojt\u00ebsi i \u201cBurdushit\u201d, avokatin Sami Istrefi, i cili ka mohuar se ka pranuar nj\u00eb urdh\u00ebres\u00eb t\u00eb till\u00eb.<\/p>\n<p>\u201cNuk kam pranuar ende, k\u00ebshtu q\u00eb sigurisht ndoshta pala e ka pranuar, por un\u00eb nuk e kam pranuar\u201d, ka th\u00ebn\u00eb avokati Istrefi.<\/p>\n<p>I pyetur n\u00ebse i nj\u00ebjti ka kontaktuar me pal\u00ebn e tij lidhur me k\u00ebt\u00eb \u00e7\u00ebshtje, avokati Istrefi ka deklaruar se nuk ka biseduar me pal\u00ebn lidhur me k\u00ebt\u00eb \u00e7\u00ebshtje.<\/p>\n<p>\u201cSigurisht, ndoshta nuk e ka marr\u00eb pala ende, por n\u00eb momentin q\u00eb e pranon na menj\u00ebher\u00eb n\u00eb kuad\u00ebr t\u00eb asaj parashtrese q\u00eb e ka l\u00ebshuar kryetarja e gjykat\u00ebs tani duhet me pa sa \u00ebsht\u00eb e mundshme me k\u00ebrku edhe nj\u00eb afat shtes\u00eb, n\u00eb qoft\u00eb se jo at\u00ebher\u00eb t\u00eb shohim qysh vendos gjykata\u201d, tha tutje avokati Istrefi.<\/p>\n<p>Ai ka th\u00ebn\u00eb n\u00eb momentin q\u00eb pala e pranon urdh\u00ebres\u00ebn n\u00eb fjal\u00eb, n\u00eb konsultim me t\u00eb do t\u00eb vler\u00ebsojn\u00eb se a do t\u2019i duhet edhe nj\u00eb afat shtes\u00eb p\u00ebr shtyrje t\u00eb ekzekutimit t\u00eb d\u00ebnimit dhe n\u00eb qoft\u00eb se jo, at\u00ebher\u00eb ai do t\u00eb shkoj\u00eb n\u00eb vuajtje t\u00eb d\u00ebnimit.<\/p>\n<p>\u201cPor, n\u00eb momentin q\u00eb e pranon pala tashti n\u00eb konsultim me pal\u00ebn n\u00eb qoft\u00eb se ai vler\u00ebson q\u00eb i duhet edhe nj\u00eb afat shtes\u00eb p\u00ebr shkak t\u00eb disa zhvillimeve t\u00eb familjes s\u00eb vet\u00eb n\u00eb rregull, n\u00eb qoft\u00eb se jo at\u00ebher\u00eb do t\u00eb shkoj\u00eb n\u00eb vuajtje t\u00eb d\u00ebnimit\u201d, tha Istrefi.<\/p>\n<p>Gjithashtu, i nj\u00ebjti ka th\u00ebn\u00eb se m\u00eb koh\u00eb pala ka parashtruar edhe k\u00ebrkes\u00ebn p\u00ebr mbrojtje t\u00eb ligjshm\u00ebris\u00eb n\u00eb Gjykat\u00ebn Supreme.<\/p>\n<p>\u201cBetimi p\u00ebr Drejt\u00ebsi\u201d, po ashtu ka tentuar t\u00eb kontaktoj\u00eb edhe me t\u00eb d\u00ebnuarin \u201cBurdushin\u201d, por q\u00eb i nj\u00ebjti nuk ka qen\u00eb i qassh\u00ebm.<\/p>\n<p>Ndryshe, n\u00eb seanc\u00ebn e 23 dhjetorit 2022, prokurorja Merita Bina-Rugova n\u00eb fjal\u00ebn p\u00ebrfundimtare kishte njoftuar se ka b\u00ebr\u00eb precizimin e dispozitivit t\u00eb par\u00eb t\u00eb aktakuz\u00ebs, t\u00eb cilin e ka ndar\u00eb n\u00eb dy pjes\u00eb, mir\u00ebpo tha se kualifikimi i vepr\u00ebs penale \u00ebsht\u00eb i nj\u00ebjti.<\/p>\n<p>Sipas aktakuz\u00ebs, prej koh\u00ebs s\u00eb pav\u00ebrtetuar e s\u00eb paku nga koha e regjistrimit t\u00eb biznesit privat ordinanca \u201cBurdushi\u201d, me aktivitetin primar, aktivitetet e tjera t\u00eb sh\u00ebndetit t\u00eb njeriut, m\u00eb 15 qershor 2005 e deri m\u00eb 26 korrik 2019, n\u00eb Prizren, i akuzuari Hysri Peqani-Burdushi, ka mjekuar persona t\u00eb ndrysh\u00ebm an\u00eb t\u00eb paraqitjes s\u00eb rreme t\u00eb fakteve se kinse posedon aft\u00ebsi mbinatyrore.<\/p>\n<p>Nj\u00eb gj\u00eb t\u00eb till\u00eb, sipas aktakuz\u00ebs, e ka b\u00ebr\u00eb ndon\u00ebse nuk kishte kualifikime profesionale mjek\u00ebsore dhe pa licenc\u00eb p\u00ebrkat\u00ebse.<\/p>\n<p>Sipas Prokuroris\u00eb, Peqani e kishte b\u00ebr\u00eb nj\u00eb gj\u00eb t\u00eb till\u00eb me q\u00ebllim t\u00eb p\u00ebrfitimit t\u00eb pasuris\u00eb n\u00eb m\u00ebnyr\u00eb t\u00eb kund\u00ebrligjshme.<\/p>\n<p>N\u00eb aktakuz\u00eb thuhet se i nj\u00ebjti, t\u00eb d\u00ebmtuarve iu ka kryer trajtime t\u00eb improvizuara, t\u00eb kota duke i v\u00ebn\u00eb n\u00eb lajthim dhe duke i nxitur q\u00eb p\u00ebr k\u00ebt\u00eb t\u2019i paguajn\u00eb shuma t\u00eb ndryshme t\u00eb parave nga 20 euro deri n\u00eb m\u00eb shum\u00eb se 3 mij\u00eb euro, ashtu q\u00eb kjo vep\u00ebr penale e vazhduar ka rezultuar me dobi pasurore t\u00eb kund\u00ebrligjshme prej rreth 1 milion euro.<\/p>\n<p>P\u00ebr k\u00ebto, ai akuzohej se ka kryer vepr\u00ebn penale \u201cUshtrimi i kund\u00ebrligjsh\u00ebm i veprimtaris\u00eb mjek\u00ebsore ose farmaceutike\u201d nga neni 262, paragrafi 1 i KPRK-s\u00eb lidhur me vepr\u00ebn penale mashtrimi n\u00eb vazhdim\u00ebsi nga neni 335, paragrafi 5 t\u00eb Kodit Penal.<\/p>\n<p>Prokuroria Speciale e ngarkonte t\u00eb akuzuarin Peqani edhe me vepr\u00ebn penale t\u00eb \u201cArm\u00ebmbajtjes pa leje\u201d, pasi q\u00eb sipas aktakuz\u00ebs, gjat\u00eb kontrollit t\u00eb policis\u00eb n\u00eb sht\u00ebpin\u00eb e tij n\u00eb Prizren, jan\u00eb gjetur arm\u00eb, pistolet\u00eb e tipit \u201cGirsan\u201d si dhe pushk\u00eb gjuetie t\u00eb tipit \u201cSuper Campion\u201d.<\/p>\n<p>Prokuroria pretendonte se \u201cBurdushi\u201d, me q\u00ebllim t\u00eb fshehjes s\u00eb pasuris\u00eb s\u00eb fituar p\u00ebrmes aktiviteteve kriminale, duke filluar nga viti 2006, parat\u00eb e tilla i ka futur n\u00eb sistem bankar me arsyetimin se k\u00ebshtu i paguan k\u00ebstet e kredive e m\u00eb pas e ka kryer fshehjen e tyre p\u00ebrmes transferove bankare , ashtu q\u00eb n\u00eb fund i ka integruar duke i konvertuar n\u00eb asete t\u00eb luajtshme dhe t\u00eb paluajtshme.<\/p>\n<p>P\u00ebr k\u00ebto veprime, ai akuzohej p\u00ebr vepr\u00ebn penale t\u00eb \u201cShp\u00eblarjes s\u00eb parave\u201d nga neni 302 t\u00eb KPRK-s\u00eb lidhur me nenin 32, paragrafi 1 dhe 2, n\u00ebn paragrafi 2.1 t\u00eb Ligjit p\u00ebr Parandalimin e Pastrimit t\u00eb Parave dhe Financimit t\u00eb Terrorizmit.<\/p>\n","protected":false},"excerpt":{"rendered":"<p>Hysri Peqani, i njohur si \u201cBurdushi\u201d, nuk ka shkuar ende n\u00eb vuajtje t\u00eb d\u00ebnimit me burgim, pasi nga Gjykata Themelore n\u00eb Prishtin\u00eb, m\u00eb 10 janar<\/p>\n","protected":false},"author":14,"featured_media":0,"comment_status":"open","ping_status":"open","sticky":false,"template":"","format":"standard","meta":{"footnotes":""},"categories":[54],"tags":[],"class_list":["post-15187","post","type-post","status-publish","format-standard","hentry","category-indeks"],"_links":{"self":[{"href":"https:\/\/indeks.bilten.mk\/index.php?rest_route=\/wp\/v2\/posts\/15187","targetHints":{"allow":["GET"]}}],"collection":[{"href":"https:\/\/indeks.bilten.mk\/index.php?rest_route=\/wp\/v2\/posts"}],"about":[{"href":"https:\/\/indeks.bilten.mk\/index.php?rest_route=\/wp\/v2\/types\/post"}],"author":[{"embeddable":true,"href":"https:\/\/indeks.bilten.mk\/index.php?rest_route=\/wp\/v2\/users\/14"}],"replies":[{"embeddable":true,"href":"https:\/\/indeks.bilten.mk\/index.php?rest_route=%2Fwp%2Fv2%2Fcomments&post=15187"}],"version-history":[{"count":0,"href":"https:\/\/indeks.bilten.mk\/index.php?rest_route=\/wp\/v2\/posts\/15187\/revisions"}],"wp:attachment":[{"href":"https:\/\/indeks.bilten.mk\/index.php?rest_route=%2Fwp%2Fv2%2Fmedia&parent=15187"}],"wp:term":[{"taxonomy":"category","embeddable":true,"href":"https:\/\/indeks.bilten.mk\/index.php?rest_route=%2Fwp%2Fv2%2Fcategories&post=15187"},{"taxonomy":"post_tag","embeddable":true,"href":"https:\/\/indeks.bilten.mk\/index.php?rest_route=%2Fwp%2Fv2%2Ftags&post=15187"}],"curies":[{"name":"wp","href":"https:\/\/api.w.org\/{rel}","templated":true}]}}