{"id":15190,"date":"2023-08-29T12:48:11","date_gmt":"2023-08-29T10:48:11","guid":{"rendered":"https:\/\/indeks.mk\/?p=15190"},"modified":"2023-08-29T12:48:11","modified_gmt":"2023-08-29T10:48:11","slug":"vuciq-pres-me-shume-presione-e-kercenime-per-kosoven","status":"publish","type":"post","link":"https:\/\/indeks.bilten.mk\/?p=15190","title":{"rendered":"Vu\u00e7iq: Pres m\u00eb shum\u00eb presione e k\u00ebrc\u00ebnime p\u00ebr Kosov\u00ebn"},"content":{"rendered":"<p>Presidenti i Serbis\u00eb, Aleksandar Vu\u00e7iq, ka th\u00ebn\u00eb se muajt n\u00eb vazhdim nuk do t\u00eb jen\u00eb t\u00eb leht\u00eb dhe se pret shum\u00eb presione dhe k\u00ebrc\u00ebnime rreth Kosov\u00ebs.<\/p>\n<div class=\"oljdrcit oljdrcit-post-inline oljdrcit-float-center oljdrcit-align-center oljdrcit-column-1 oljdrcit-clearfix no-bg-box-model\">\n<div id=\"oljdrcit-1372679-888296489\" class=\"oljdrcit-container oljdrcit-type-custom_code \" data-adid=\"1372679\" data-type=\"custom_code\"><ins><\/p>\n<div id=\"beacon_b9d7cdd2ad\">\u201cM\u00eb duket se muajt n\u00eb vazhdim nuk do t\u00eb jen\u00eb t\u00eb leht\u00eb dhe pres shum\u00eb presione dhe k\u00ebrc\u00ebnime dhe zbatim t\u00eb atyre k\u00ebrc\u00ebnimeve p\u00ebr Kosov\u00ebn nga ata q\u00eb jan\u00eb pamjaftuesh\u00ebm p\u00ebrgjegj\u00ebs dhe nuk e kuptojn\u00eb se paqja nuk \u00ebsht\u00eb vet\u00ebm n\u00eb interes t\u00eb serb\u00ebve, por edhe t\u00eb shqiptar\u00ebve\u201d.<\/div>\n<p><\/ins><\/div>\n<\/div>\n<div class=\"oljdrcit oljdrcit-post-middle oljdrcit-float-left oljdrcit-align-left oljdrcit-column-1 oljdrcit-clearfix no-bg-box-model\">\n<div id=\"oljdrcit-1372679-1296405162\" class=\"oljdrcit-container oljdrcit-type-custom_code \" data-adid=\"1372679\" data-type=\"custom_code\"><ins><\/p>\n<div id=\"beacon_6156f17d44\"><img loading=\"lazy\" decoding=\"async\" src=\"https:\/\/ads.tetovasot.com\/www\/delivery\/lg.php?bannerid=0&amp;campaignid=0&amp;zoneid=226&amp;loc=https%3A%2F%2Fwww.tetovasot.com%2F2023%2F08%2Fvuciq-pres-shume-presione-e-kercenime-per-kosoven%2F&amp;referer=https%3A%2F%2Fwww.tetovasot.com%2Fmaqedoni%2F&amp;cb=6156f17d44\" alt=\"\" width=\"0\" height=\"0\" \/>Kreu i shtetit serb mes tjerash ka folur edhe p\u00ebr zhvillimet n\u00eb Mal t\u00eb Zi, transmeton Klankosova.tv.<\/div>\n<p><\/ins><\/div>\n<\/div>\n<p>Ai tha se nuk nd\u00ebrhyjn\u00eb n\u00eb pun\u00ebt e brendshme t\u00eb k\u00ebtij shteti dhe se do t\u00eb presin formimin e qeveris\u00eb malazeze, transmeton Klankosova.tv<\/p>\n","protected":false},"excerpt":{"rendered":"<p>Presidenti i Serbis\u00eb, Aleksandar Vu\u00e7iq, ka th\u00ebn\u00eb se muajt n\u00eb vazhdim nuk do t\u00eb jen\u00eb t\u00eb leht\u00eb dhe se pret shum\u00eb presione dhe k\u00ebrc\u00ebnime rreth<\/p>\n","protected":false},"author":14,"featured_media":0,"comment_status":"open","ping_status":"open","sticky":false,"template":"","format":"standard","meta":{"footnotes":""},"categories":[45],"tags":[],"class_list":["post-15190","post","type-post","status-publish","format-standard","hentry","category-rajoni"],"_links":{"self":[{"href":"https:\/\/indeks.bilten.mk\/index.php?rest_route=\/wp\/v2\/posts\/15190","targetHints":{"allow":["GET"]}}],"collection":[{"href":"https:\/\/indeks.bilten.mk\/index.php?rest_route=\/wp\/v2\/posts"}],"about":[{"href":"https:\/\/indeks.bilten.mk\/index.php?rest_route=\/wp\/v2\/types\/post"}],"author":[{"embeddable":true,"href":"https:\/\/indeks.bilten.mk\/index.php?rest_route=\/wp\/v2\/users\/14"}],"replies":[{"embeddable":true,"href":"https:\/\/indeks.bilten.mk\/index.php?rest_route=%2Fwp%2Fv2%2Fcomments&post=15190"}],"version-history":[{"count":0,"href":"https:\/\/indeks.bilten.mk\/index.php?rest_route=\/wp\/v2\/posts\/15190\/revisions"}],"wp:attachment":[{"href":"https:\/\/indeks.bilten.mk\/index.php?rest_route=%2Fwp%2Fv2%2Fmedia&parent=15190"}],"wp:term":[{"taxonomy":"category","embeddable":true,"href":"https:\/\/indeks.bilten.mk\/index.php?rest_route=%2Fwp%2Fv2%2Fcategories&post=15190"},{"taxonomy":"post_tag","embeddable":true,"href":"https:\/\/indeks.bilten.mk\/index.php?rest_route=%2Fwp%2Fv2%2Ftags&post=15190"}],"curies":[{"name":"wp","href":"https:\/\/api.w.org\/{rel}","templated":true}]}}