{"id":15198,"date":"2023-08-29T13:22:35","date_gmt":"2023-08-29T11:22:35","guid":{"rendered":"https:\/\/indeks.mk\/?p=15198"},"modified":"2023-08-29T13:22:35","modified_gmt":"2023-08-29T11:22:35","slug":"raportohet-per-nje-skandal-te-madh-ne-gjermani-ka-ndodhur-para-35-vitesh","status":"publish","type":"post","link":"https:\/\/indeks.bilten.mk\/?p=15198","title":{"rendered":"Raportohet p\u00ebr nj\u00eb skandal t\u00eb madh n\u00eb Gjermani, ka ndodhur para 35 vitesh&#8230;"},"content":{"rendered":"<p>Nj\u00eb pamflet antisemitik i qarkulluar n\u00eb nj\u00eb shkoll\u00eb t\u00eb mesme n\u00eb Gjermanin\u00eb jugore 35 vjet m\u00eb par\u00eb \u00ebsht\u00eb n\u00eb qend\u00ebr t\u00eb nj\u00eb skandali politik q\u00eb prek fushat\u00ebn zgjedhore n\u00eb Bavari dhe m\u00eb gjer\u00eb.<\/p>\n<p>Hubert Aiwanger, z\u00ebvend\u00ebskryeministri bavarez dhe ministri i ekonomis\u00eb i shtetit t\u00eb madh dhe me ndikim t\u00eb Gjermanis\u00eb jugore t\u00eb Bavaris\u00eb, pranoi gjat\u00eb fundjav\u00ebs se ishte p\u00ebrfshir\u00eb n\u00eb shp\u00ebrndarjen e flet\u00ebpalosjeve antisemitike gjat\u00eb viteve t\u00eb shkoll\u00ebs s\u00eb mesme n\u00eb fund t\u00eb viteve 1980. Aiwanger tani po p\u00ebrballet me presion n\u00eb rritje p\u00ebr t\u2019iu p\u00ebrgjigjur pyetjeve t\u00eb pap\u00ebrshtatshme, me thirrjet p\u00ebr dor\u00ebheqjen e tij.<\/p>\n<p>Aiwanger \u00ebsht\u00eb kreu i partis\u00eb s\u00eb krahut t\u00eb djatht\u00eb t\u00eb Votuesve t\u00eb Lir\u00eb, e cila \u00ebsht\u00eb aktive n\u00eb t\u00eb gjith\u00eb Gjermanin\u00eb, por \u00ebsht\u00eb ve\u00e7an\u00ebrisht e suksesshme n\u00eb Bavari, ku ka fituar popullaritet n\u00eb rritje jav\u00ebt e fundit, kryesisht p\u00ebr shkak t\u00eb Aiwanger.<\/p>\n<p><strong>\u2018Kush \u00ebsht\u00eb tradhtari m\u00eb i madh i atdheut?\u2019<\/strong><\/p>\n<p>Me zgjedhjet p\u00ebr shtetin gjerman t\u00eb planifikuar p\u00ebr n\u00eb 8 tetor, \u00e7do polemik\u00eb e zgjatur mbi politikanin mund t\u00eb ndikoj\u00eb jo vet\u00ebm n\u00eb popullaritetin e partis\u00eb s\u00eb tij, por edhe n\u00eb kryeministrin bavarez Markus S\u00f6der i Unionit Kristian Social t\u00eb qendr\u00ebs s\u00eb djatht\u00eb (CSU). CSU e S\u00f6der-it qeveris n\u00eb koalicion me Votuesit e Lir\u00eb t\u00eb Aiwanger-it dhe shum\u00eb besojn\u00eb se S\u00f6der synon t\u00eb b\u00ebhet kancelar, raporton Politico.<\/p>\n<p>E p\u00ebrditshmja gjermane S\u00fcddeutsche Zeitung ishte e para q\u00eb raportoi t\u00eb premten e kaluar n\u00eb nj\u00eb pamflet q\u00eb p\u00ebrshkruante nj\u00eb konkurs fiktive t\u00eb titulluar \u201cKush \u00ebsht\u00eb tradhtari m\u00eb i madh i atdheut?\u201d me \u00e7mimin e par\u00eb \u201cFluturim falas n\u00ebp\u00ebr oxhakun e Aushvicit\u201d, q\u00eb \u00ebsht\u00eb nj\u00eb referenc\u00eb e frikshme p\u00ebr kampin nazist t\u00eb p\u00ebrqendrimit ku u vran\u00eb t\u00eb pakt\u00ebn nj\u00eb milion hebrenj gjat\u00eb Luft\u00ebs s\u00eb Dyt\u00eb Bot\u00ebrore.<\/p>\n<p>Pavar\u00ebsisht se Aiwanger e mohon kategorikisht autor\u00ebsin\u00eb e tekstit, t\u00eb cilin ai thot\u00eb se e konsideron \u201ct\u00eb neveritsh\u00ebm dhe \u00e7njer\u00ebzor\u201d, zhurma politike mbi pamfletin antisemitik vazhdon t\u00eb p\u00ebrshkall\u00ebzohet.<\/p>\n<p>\u201cN\u00ebse akuzat kund\u00ebr Hubert Aiwanger jan\u00eb t\u00eb v\u00ebrteta, Markus S\u00f6der duhet t\u00eb t\u00ebrheq\u00eb menj\u00ebher\u00eb pasojat dhe t\u00eb shkarkoj\u00eb z\u00ebvend\u00ebsin e tij,\u201d tha Saskia Esken, bashk\u00eb drejtues i Partis\u00eb Social Demokratike (SPD) t\u00eb qendr\u00ebs s\u00eb majt\u00eb t\u00eb kancelarit Olaf Scholz, e cila \u00ebsht\u00eb n\u00eb opozit\u00eb n\u00eb Bavari.<\/p>\n<p>T\u00eb h\u00ebn\u00ebn, Scholz tha p\u00ebrmes nj\u00eb z\u00ebdh\u00ebn\u00ebsi se incidenti \u201cduhet t\u00eb sqarohet t\u00ebr\u00ebsisht dhe menj\u00ebher\u00eb\u201d, duke shtuar se \u201cpasojat politike\u201d mund t\u00eb jen\u00eb t\u00eb nevojshme.<\/p>\n","protected":false},"excerpt":{"rendered":"<p>Nj\u00eb pamflet antisemitik i qarkulluar n\u00eb nj\u00eb shkoll\u00eb t\u00eb mesme n\u00eb Gjermanin\u00eb jugore 35 vjet m\u00eb par\u00eb \u00ebsht\u00eb n\u00eb qend\u00ebr t\u00eb nj\u00eb skandali politik q\u00eb<\/p>\n","protected":false},"author":14,"featured_media":0,"comment_status":"open","ping_status":"open","sticky":false,"template":"","format":"standard","meta":{"footnotes":""},"categories":[46],"tags":[],"class_list":["post-15198","post","type-post","status-publish","format-standard","hentry","category-bota"],"_links":{"self":[{"href":"https:\/\/indeks.bilten.mk\/index.php?rest_route=\/wp\/v2\/posts\/15198","targetHints":{"allow":["GET"]}}],"collection":[{"href":"https:\/\/indeks.bilten.mk\/index.php?rest_route=\/wp\/v2\/posts"}],"about":[{"href":"https:\/\/indeks.bilten.mk\/index.php?rest_route=\/wp\/v2\/types\/post"}],"author":[{"embeddable":true,"href":"https:\/\/indeks.bilten.mk\/index.php?rest_route=\/wp\/v2\/users\/14"}],"replies":[{"embeddable":true,"href":"https:\/\/indeks.bilten.mk\/index.php?rest_route=%2Fwp%2Fv2%2Fcomments&post=15198"}],"version-history":[{"count":0,"href":"https:\/\/indeks.bilten.mk\/index.php?rest_route=\/wp\/v2\/posts\/15198\/revisions"}],"wp:attachment":[{"href":"https:\/\/indeks.bilten.mk\/index.php?rest_route=%2Fwp%2Fv2%2Fmedia&parent=15198"}],"wp:term":[{"taxonomy":"category","embeddable":true,"href":"https:\/\/indeks.bilten.mk\/index.php?rest_route=%2Fwp%2Fv2%2Fcategories&post=15198"},{"taxonomy":"post_tag","embeddable":true,"href":"https:\/\/indeks.bilten.mk\/index.php?rest_route=%2Fwp%2Fv2%2Ftags&post=15198"}],"curies":[{"name":"wp","href":"https:\/\/api.w.org\/{rel}","templated":true}]}}