{"id":15201,"date":"2023-08-29T13:42:21","date_gmt":"2023-08-29T11:42:21","guid":{"rendered":"https:\/\/indeks.mk\/?p=15201"},"modified":"2023-08-29T13:42:21","modified_gmt":"2023-08-29T11:42:21","slug":"ukrainasit-publikojne-pamjet-kur-hedhin-ne-ere-seline-e-luftetareve-te-ramzan-kadyrovit","status":"publish","type":"post","link":"https:\/\/indeks.bilten.mk\/?p=15201","title":{"rendered":"Ukrainasit publikojn\u00eb pamjet kur hedhin n\u00eb er\u00eb selin\u00eb e luft\u00ebtar\u00ebve t\u00eb Ramzan Kadyrovit"},"content":{"rendered":"<p>K\u00ebshilltari i ministrit t\u00eb Brendsh\u00ebm ukrainas, Anton Gerashchenko n\u00eb platform\u00ebn X, ka publikuar nj\u00eb video q\u00eb tregon momentin sesi ukrainasit hedhin n\u00eb er\u00eb \u201cselin\u00eb\u201d e luft\u00ebtar\u00ebve t\u00eb Ramzan Kadyrovit, njeriut t\u00eb besuesh\u00ebm t\u00eb presidentit rus Vladimir Putin.<\/p>\n<p>\u201cN\u00eb Energodar, qytetin dhe komun\u00ebn n\u00eb veriper\u00ebndim t\u00eb rajonit Zaporizhzhia, \u00ebsht\u00eb her\u00eb n\u00eb er\u00eb selia e luft\u00ebtar\u00ebve t\u00eb Kadyrovit. \u00cbsht\u00eb zhvilluar nga l\u00ebvizja lokale e rezistenc\u00ebs, q\u00eb e koordinoi Sh\u00ebrbimi Informativ i Mbrojtjes t\u00eb Ukrain\u00ebs\u201d, tha Gerashchenko.<\/p>\n<p>\u201cNga shp\u00ebrthimi jan\u00eb d\u00ebmtuar zyrat e improvizuara t\u00eb nj\u00ebsis\u00eb OMON Akhmat-1 t\u00eb Rosgvardia (Garda Komb\u00ebtare e Rusis\u00eb), si dhe veturat e parkuara n\u00eb oborr\u201d, u tha nd\u00ebr tjera nga Gerashchenko.<\/p>\n<figure class=\"wp-block-embed-twitter wp-block-embed is-type-rich is-provider-twitter\">\n<div class=\"wp-block-embed__wrapper\">\n<div class=\"twitter-tweet twitter-tweet-rendered\"><iframe id=\"twitter-widget-0\" class=\"\" title=\"Twitter Tweet\" src=\"https:\/\/platform.twitter.com\/embed\/Tweet.html?creatorScreenName=gazetaexpress&amp;dnt=true&amp;embedId=twitter-widget-0&amp;features=eyJ0ZndfdGltZWxpbmVfbGlzdCI6eyJidWNrZXQiOltdLCJ2ZXJzaW9uIjpudWxsfSwidGZ3X2ZvbGxvd2VyX2NvdW50X3N1bnNldCI6eyJidWNrZXQiOnRydWUsInZlcnNpb24iOm51bGx9LCJ0ZndfdHdlZXRfZWRpdF9iYWNrZW5kIjp7ImJ1Y2tldCI6Im9uIiwidmVyc2lvbiI6bnVsbH0sInRmd19yZWZzcmNfc2Vzc2lvbiI6eyJidWNrZXQiOiJvbiIsInZlcnNpb24iOm51bGx9LCJ0ZndfZm9zbnJfc29mdF9pbnRlcnZlbnRpb25zX2VuYWJsZWQiOnsiYnVja2V0Ijoib24iLCJ2ZXJzaW9uIjpudWxsfSwidGZ3X21peGVkX21lZGlhXzE1ODk3Ijp7ImJ1Y2tldCI6InRyZWF0bWVudCIsInZlcnNpb24iOm51bGx9LCJ0ZndfZXhwZXJpbWVudHNfY29va2llX2V4cGlyYXRpb24iOnsiYnVja2V0IjoxMjA5NjAwLCJ2ZXJzaW9uIjpudWxsfSwidGZ3X3Nob3dfYmlyZHdhdGNoX3Bpdm90c19lbmFibGVkIjp7ImJ1Y2tldCI6Im9uIiwidmVyc2lvbiI6bnVsbH0sInRmd19kdXBsaWNhdGVfc2NyaWJlc190b19zZXR0aW5ncyI6eyJidWNrZXQiOiJvbiIsInZlcnNpb24iOm51bGx9LCJ0ZndfdXNlX3Byb2ZpbGVfaW1hZ2Vfc2hhcGVfZW5hYmxlZCI6eyJidWNrZXQiOiJvbiIsInZlcnNpb24iOm51bGx9LCJ0ZndfdmlkZW9faGxzX2R5bmFtaWNfbWFuaWZlc3RzXzE1MDgyIjp7ImJ1Y2tldCI6InRydWVfYml0cmF0ZSIsInZlcnNpb24iOm51bGx9LCJ0ZndfbGVnYWN5X3RpbWVsaW5lX3N1bnNldCI6eyJidWNrZXQiOnRydWUsInZlcnNpb24iOm51bGx9LCJ0ZndfdHdlZXRfZWRpdF9mcm9udGVuZCI6eyJidWNrZXQiOiJvbiIsInZlcnNpb24iOm51bGx9fQ%3D%3D&amp;frame=false&amp;hideCard=false&amp;hideThread=false&amp;id=1696195042728124524&amp;lang=en&amp;origin=https%3A%2F%2Fwww.gazetaexpress.com%2Fukrainasit-publikojne-pamjet-kur-hedhin-ne-ere-seline-e-luftetareve-te-ramzan-kadyrovit%2F&amp;sessionId=676bf829ecc4feaf1ae32638a1826a558dcfa6dd&amp;siteScreenName=gazetaexpress&amp;theme=light&amp;widgetsVersion=aaf4084522e3a%3A1674595607486&amp;width=500px\" frameborder=\"0\" scrolling=\"no\" allowfullscreen=\"allowfullscreen\" data-tweet-id=\"1696195042728124524\" data-mce-fragment=\"1\"><\/iframe><\/div>\n<\/div>\n<\/figure>\n<p>Si pasoj\u00eb e k\u00ebsaj shp\u00ebrtheu nj\u00eb zjarr i madh, e t\u00eb dh\u00ebnat p\u00ebr numrin e t\u00eb vdekurve dhe plagosurve t\u00eb luft\u00ebtar\u00ebve t\u00eb Kadyrovit po mblidhen akoma nga autoritetet ukrainase.<\/p>\n<p>Kujtojm\u00eb se nga fillimi i luft\u00ebs lideri \u00e7e\u00e7en kishte dal\u00eb haptazi n\u00eb krah t\u00eb Vladimir Putinit, duke mb\u00ebshtetur pushtimin rus t\u00eb Ukrain\u00ebs.<\/p>\n","protected":false},"excerpt":{"rendered":"<p>K\u00ebshilltari i ministrit t\u00eb Brendsh\u00ebm ukrainas, Anton Gerashchenko n\u00eb platform\u00ebn X, ka publikuar nj\u00eb video q\u00eb tregon momentin sesi ukrainasit hedhin n\u00eb er\u00eb \u201cselin\u00eb\u201d e<\/p>\n","protected":false},"author":14,"featured_media":0,"comment_status":"open","ping_status":"open","sticky":false,"template":"","format":"standard","meta":{"footnotes":""},"categories":[46],"tags":[],"class_list":["post-15201","post","type-post","status-publish","format-standard","hentry","category-bota"],"_links":{"self":[{"href":"https:\/\/indeks.bilten.mk\/index.php?rest_route=\/wp\/v2\/posts\/15201","targetHints":{"allow":["GET"]}}],"collection":[{"href":"https:\/\/indeks.bilten.mk\/index.php?rest_route=\/wp\/v2\/posts"}],"about":[{"href":"https:\/\/indeks.bilten.mk\/index.php?rest_route=\/wp\/v2\/types\/post"}],"author":[{"embeddable":true,"href":"https:\/\/indeks.bilten.mk\/index.php?rest_route=\/wp\/v2\/users\/14"}],"replies":[{"embeddable":true,"href":"https:\/\/indeks.bilten.mk\/index.php?rest_route=%2Fwp%2Fv2%2Fcomments&post=15201"}],"version-history":[{"count":0,"href":"https:\/\/indeks.bilten.mk\/index.php?rest_route=\/wp\/v2\/posts\/15201\/revisions"}],"wp:attachment":[{"href":"https:\/\/indeks.bilten.mk\/index.php?rest_route=%2Fwp%2Fv2%2Fmedia&parent=15201"}],"wp:term":[{"taxonomy":"category","embeddable":true,"href":"https:\/\/indeks.bilten.mk\/index.php?rest_route=%2Fwp%2Fv2%2Fcategories&post=15201"},{"taxonomy":"post_tag","embeddable":true,"href":"https:\/\/indeks.bilten.mk\/index.php?rest_route=%2Fwp%2Fv2%2Ftags&post=15201"}],"curies":[{"name":"wp","href":"https:\/\/api.w.org\/{rel}","templated":true}]}}