{"id":15204,"date":"2023-08-29T13:44:56","date_gmt":"2023-08-29T11:44:56","guid":{"rendered":"https:\/\/indeks.mk\/?p=15204"},"modified":"2023-08-29T13:44:56","modified_gmt":"2023-08-29T11:44:56","slug":"varret-boshe-ne-pritje-te-te-zhdukurve-nga-lufta-e-fundit-ne-kosove","status":"publish","type":"post","link":"https:\/\/indeks.bilten.mk\/?p=15204","title":{"rendered":"Varret boshe n\u00eb pritje t\u00eb t\u00eb zhdukurve nga lufta e fundit n\u00eb Kosov\u00eb"},"content":{"rendered":"<p>Shkall\u00eb \u2013 shkall\u00eb, n\u00eb hap\u00ebsir\u00ebn me beton t\u00eb bardh\u00eb, n\u00eb fshatin Krush\u00eb e Vog\u00ebl t\u00eb Prizrenit, jan\u00eb renditur 113 hap\u00ebsira varresh me form\u00eb t\u00eb nj\u00ebjt\u00eb.<\/p>\n<p>Por, ka nj\u00eb dallim mes tyre.<\/p>\n<p>Tek-tuk nd\u00ebrmjet varrezave q\u00eb p\u00ebrmbajn\u00eb emra, pllaka p\u00ebrkujtimore e lule, gjenden edhe hap\u00ebsira pa emra e pa lule dhe me disa numra t\u00eb g\u00ebrryer mbi beton.<\/p>\n<p>Ato jan\u00eb varret e zbraz\u00ebta q\u00eb presin 61 persona t\u00eb zhdukur nga nj\u00eb masak\u00ebr q\u00eb kishte ndodhur n\u00eb k\u00ebt\u00eb fshat, m\u00eb 25 dhe 26 mars t\u00eb vitit 1999.<\/p>\n<figure class=\"wp-block-image size-large\">N\u00eb at\u00eb masak\u00ebr, forcat serbe vran\u00eb 112 civil\u00eb \u2013 nj\u00eb tjet\u00ebr u vra disa muaj m\u00eb von\u00eb.<\/figure>\n<p>Deri m\u00eb tash, vet\u00ebm 52 prej tyre iu gjet\u00ebn mbetjet mortore.<\/p>\n<p>M\u00eb 30 gusht sh\u00ebnohet Dita Nd\u00ebrkomb\u00ebtare e Viktimave t\u00eb Zhdukjeve me Forc\u00eb.<\/p>\n<p>Agron Limanit iu vra babai, v\u00ebllai dhe dy kush\u00ebrinj t\u00eb af\u00ebrt n\u00eb masakr\u00ebn e Krush\u00ebs s\u00eb Vog\u00ebl.<\/p>\n<p>Deri m\u00eb tani, ai arriti ta varros\u00eb vet\u00ebm v\u00ebllain, pasi i gjet\u00ebn disa mbetje mortore m\u00eb 2016.<em>\u201c\u00cbsht\u00eb nj\u00eb pritje e tmerrshme, q\u00eb t\u00eb torturon\u201d, thot\u00eb Agroni teksa q\u00ebndron mbi varret e zbraz\u00ebta.<\/em><\/p>\n<h3>\u00c7far\u00eb dihet p\u00ebr masakr\u00ebn e Krush\u00ebs s\u00eb Vog\u00ebl?<\/h3>\n<p>Konsiderohet nd\u00ebr masakrat m\u00eb t\u00eb m\u00ebdha q\u00eb kan\u00eb ndodhur gjat\u00eb luft\u00ebs n\u00eb Kosov\u00eb.<\/p>\n<p>Sipas rr\u00ebfimeve t\u00eb mbledhura nga t\u00eb mbijetuarit e masakr\u00ebs, n\u00eb datat 25 dhe 26 mars n\u00eb fshatin Krush\u00eb t\u00eb Vog\u00ebl u ekzekutuan 112 burra.<\/p>\n<p>Sipas t\u00eb dh\u00ebnave nga\u00a0<a href=\"http:\/\/www.hlc-rdc.org\/?p=13109&amp;lang=zh\" target=\"_blank\" rel=\"noreferrer noopener\">\u00a0Fondi p\u00ebr t\u00eb Drejt\u00ebn Humanitare n\u00eb Beograd\u00a0<\/a>, nga ofensivat serbe m\u00eb s\u00eb shumti njer\u00ebz u vran\u00eb m\u00eb 26 mars.<\/p>\n<p>At\u00eb dit\u00eb, n\u00eb nj\u00eb sht\u00ebpi t\u00eb fshatit ishin mbledhur mbi 100 burra ndaj t\u00eb cil\u00ebve m\u00eb pas ishte sht\u00ebn\u00eb me arm\u00eb zjarri. M\u00eb von\u00eb, sht\u00ebpis\u00eb \u2013 me trupat brenda \u2013 i ishte v\u00ebn\u00eb flaka.<\/p>\n<p>N\u00eb lidhje me k\u00ebt\u00eb masak\u00ebr, deri m\u00eb tani, n\u00eb Kosov\u00eb u d\u00ebnua\u00a0 Darko Tasiq\u00a0 me 11 vjet burgim.<\/p>\n<p>Ai u d\u00ebnua vet\u00ebm p\u00ebr p\u00ebrdhosje t\u00eb trupave t\u00eb viktimave dhe pla\u00e7kitje, por jo p\u00ebr vrasje.1<\/p>\n<h3>Memoriali i varrezave n\u00eb Krush\u00eb t\u00eb Vog\u00ebl<\/h3>\n<p>Sht\u00ebpia ku ishte kryer masakra, gjendej n\u00eb Lagjen \u201cBatusha\u201d t\u00eb Krush\u00ebs s\u00eb Vog\u00ebl.<\/p>\n<p>Agron Limani thot\u00eb se i kan\u00eb mbetur pak shpresa se do t\u00eb arrij\u00eb t\u2019i gjej\u00eb eshtrat e familjar\u00ebve t\u00eb zhdukur.<\/p>\n<p>Varre t\u00eb zbraz\u00ebta gjenden edhe n\u00eb fshatin Krush\u00eb e Madhe n\u00eb komun\u00ebn e Rahovecit, ku rreth 60 persona jan\u00eb ende t\u00eb zhdukur nga masakra q\u00eb kishte ndodhur n\u00eb at\u00eb fshat, po ashtu m\u00eb 25 dhe 26 mars.<\/p>\n<p>Mehdi Ahmeti te varri i zbraz\u00ebt i gjyshes s\u00eb tij, Hamide Ahmeti. Ajo \u00ebsht\u00eb e zhdukur q\u00eb nga prilli i vitit 1999.<\/p>\n<p>Data e fundit kur Hamide Ahmeti, 82-vje\u00e7are, ishte par\u00eb e gjall\u00eb, ishte 5 prilli i vitit 1999.<\/p>\n<p>N\u00eb nj\u00eb nga ofensivat e forcave serbe n\u00eb fshatin Rezall\u00eb t\u00eb Komun\u00ebs s\u00eb Skenderajt, ajo gjendej n\u00eb sht\u00ebpi me gra t\u00eb tjera dhe f\u00ebmij\u00eb.<\/p>\n<p>Si\u00e7 rr\u00ebfen nipi i Hamides, Mehdiu, forcat serbe po d\u00ebbonin at\u00eb dit\u00eb popullat\u00ebn civile.<\/p>\n<p>K\u00ebshtu, nj\u00eb burr\u00eb i fshatit, i quajtur Ibush Deliu, ishte ofruar q\u00eb ta bartte gruan e paralizuar me nj\u00eb karroc\u00eb, pasi t\u00eb tjer\u00ebt nuk pat\u00ebn forc\u00eb p\u00ebr ta l\u00ebvizur at\u00eb.<\/p>\n<p>Gjersa Deliu u gjet i vdekur disa dit\u00eb m\u00eb von\u00eb, Hamides iu zhduk\u00ebn gjurm\u00ebt.<\/p>\n<p>Mehdiu thot\u00eb se vizitat n\u00eb varrin e zbraz\u00ebt nuk e b\u00ebjn\u00eb t\u00eb ndihet mir\u00eb.\u201dNdoshta e kan\u00eb mbytur, e kan\u00eb rr\u00ebzuar, apo ndoshta e kan\u00eb shkelur me ndonj\u00eb autoblind\u00eb. Fati i saj, sot e asaj dite, nuk dihet\u201d, thot\u00eb Mehdiu.<\/p>\n<h2>\u201cKam shum\u00eb d\u00ebshir\u00eb t\u2019i gjej eshtrat e tij\u201d<\/h2>\n<p>Bashkim Ibishi \u00ebsht\u00eb djali i Tafil Ibishit, i cili kishte jetuar n\u00eb fshatin Bajgor\u00eb t\u00eb Mitrovic\u00ebs.<\/p>\n<p>M\u00eb 2 maj t\u00eb vitit 1999, pak pa i mbushur 55 vjet, Tafili ishte ndar\u00eb nga kolona e shqiptar\u00ebve t\u00eb Kosov\u00ebs n\u00eb fshatin Studime t\u00eb Vushtrris\u00eb. Ata po iknin n\u00eb drejtim t\u00eb Shqip\u00ebris\u00eb, p\u00ebr shkak t\u00eb ofensivave t\u00eb forcave serbe.<\/p>\n<p>Sipas d\u00ebshmitar\u00ebve n\u00eb at\u00eb zon\u00eb, ai ishte vrar\u00eb me arm\u00eb zjarri s\u00eb bashku me mbi 100 civil\u00eb t\u00eb tjer\u00eb, n\u00eb at\u00eb q\u00eb njihet si\u00a0<a href=\"https:\/\/www.hrw.org\/reports\/2001\/kosovo\/undword-14.htm\" target=\"_blank\" rel=\"noreferrer noopener\">\u00a0Masakra e Studimes.\u00a0<\/a><\/p>\n<p>Pasi kufomat ishin varrosur n\u00eb gropa t\u00eb improvizuara, Bashkimi kishte menduar se i ka gjetur eshtrat e babait af\u00ebr vendit ku ai u vra.<\/p>\n<p>Por, analizat e ADN-s\u00eb q\u00eb i b\u00ebn\u00eb para rreth tet\u00eb vjet\u00ebsh, v\u00ebrtetuan se ato eshtra i p\u00ebrkisnin dikujt tjet\u00ebr.<\/p>\n<p>K\u00ebshtu, Tafili tani llogaritet i zhdukur, ndon\u00ebse e ka varrin e hapur.<\/p>\n<p>Varri i zbraz\u00ebt i Tafil Ibishit<\/p>\n<p>Bashkim Ibishi thot\u00eb se nuk do t\u00eb pushoj\u00eb deri n\u00eb gjetjen e babait.<\/p>\n<p>Sipas Fondit p\u00ebr t\u00eb Drejt\u00ebn Humanitare, gjat\u00eb luft\u00ebs s\u00eb viteve 1998-\u201899, n\u00eb Kosov\u00eb jan\u00eb vrar\u00eb m\u00eb shum\u00eb se 13.500 persona \u2013 shumica d\u00ebrrmuese shqiptar\u00eb.<\/p>\n<p>N\u00eb t\u00ebr\u00eb territorin e Kosov\u00ebs llogaritet t\u00eb ken\u00eb ndodhur rreth 400 masakra.<\/p>\n<p>Mij\u00ebra mbetje mortore jan\u00eb gjetur p\u00ebrgjat\u00eb viteve n\u00eb varreza masive n\u00eb Kosov\u00eb dhe n\u00eb Serbi.<\/p>\n<p>Mbi 1.600 persona konsiderohen ende t\u00eb zhdukur \u2013 shumica shqiptar\u00eb.<\/p>\n<p>Misioni i Radios Evropa e Lir\u00eb \u00ebsht\u00eb plasimi i informatave dhe ideve q\u00eb promovojn\u00eb vlerat dhe institucionet demokratike. Radio Evropa e Lir\u00eb financohet nga fondi i Kongresit amerikan p\u00ebrmes Agjencis\u00eb s\u00eb Shteteve t\u00eb Bashkuara p\u00ebr Media Globale.<\/p>\n","protected":false},"excerpt":{"rendered":"<p>Shkall\u00eb \u2013 shkall\u00eb, n\u00eb hap\u00ebsir\u00ebn me beton t\u00eb bardh\u00eb, n\u00eb fshatin Krush\u00eb e Vog\u00ebl t\u00eb Prizrenit, jan\u00eb renditur 113 hap\u00ebsira varresh me form\u00eb t\u00eb nj\u00ebjt\u00eb.<\/p>\n","protected":false},"author":14,"featured_media":0,"comment_status":"open","ping_status":"open","sticky":false,"template":"","format":"standard","meta":{"footnotes":""},"categories":[45],"tags":[],"class_list":["post-15204","post","type-post","status-publish","format-standard","hentry","category-rajoni"],"_links":{"self":[{"href":"https:\/\/indeks.bilten.mk\/index.php?rest_route=\/wp\/v2\/posts\/15204","targetHints":{"allow":["GET"]}}],"collection":[{"href":"https:\/\/indeks.bilten.mk\/index.php?rest_route=\/wp\/v2\/posts"}],"about":[{"href":"https:\/\/indeks.bilten.mk\/index.php?rest_route=\/wp\/v2\/types\/post"}],"author":[{"embeddable":true,"href":"https:\/\/indeks.bilten.mk\/index.php?rest_route=\/wp\/v2\/users\/14"}],"replies":[{"embeddable":true,"href":"https:\/\/indeks.bilten.mk\/index.php?rest_route=%2Fwp%2Fv2%2Fcomments&post=15204"}],"version-history":[{"count":0,"href":"https:\/\/indeks.bilten.mk\/index.php?rest_route=\/wp\/v2\/posts\/15204\/revisions"}],"wp:attachment":[{"href":"https:\/\/indeks.bilten.mk\/index.php?rest_route=%2Fwp%2Fv2%2Fmedia&parent=15204"}],"wp:term":[{"taxonomy":"category","embeddable":true,"href":"https:\/\/indeks.bilten.mk\/index.php?rest_route=%2Fwp%2Fv2%2Fcategories&post=15204"},{"taxonomy":"post_tag","embeddable":true,"href":"https:\/\/indeks.bilten.mk\/index.php?rest_route=%2Fwp%2Fv2%2Ftags&post=15204"}],"curies":[{"name":"wp","href":"https:\/\/api.w.org\/{rel}","templated":true}]}}