{"id":15208,"date":"2023-08-29T13:48:13","date_gmt":"2023-08-29T11:48:13","guid":{"rendered":"https:\/\/indeks.mk\/?p=15208"},"modified":"2023-08-29T13:48:13","modified_gmt":"2023-08-29T11:48:13","slug":"nejti-tri-dite-ntpame-tani-e-kuptuam-qe-ai-i-vrau-rrefimi-rreqethes-i-xhaxhait-te-nxenesit-qe-u-vra-ne-gllogjan","status":"publish","type":"post","link":"https:\/\/indeks.bilten.mk\/?p=15208","title":{"rendered":"\u201cNejti tri dit\u00eb n\u2019t\u2019pame, tani e kuptuam q\u00eb ai i vrau\u201d: Rr\u00ebfimi rr\u00ebqeth\u00ebs i xhaxhait t\u00eb nx\u00ebn\u00ebsit q\u00eb u vra n\u00eb Gllogjan"},"content":{"rendered":"<p>Vrasja e trefisht\u00eb n\u00eb Gllogjan t\u00eb De\u00e7anit, kishte tronditur Kosov\u00ebn, e pas tri vjet\u00ebsh ky rast ende nuk ka marr\u00eb epilog p\u00ebrfundimtar.<\/p>\n<p>Autobusi plot me nx\u00ebn\u00ebs ishte gjuajtur me automatik\u00eb, duke l\u00ebn\u00eb t\u00eb vdekur shoferin dhe dy nx\u00ebn\u00ebs t\u00eb tjer\u00eb.<\/p>\n<p>Nga kjo ngjarje e tmerrshme kishin mbetur t\u00eb vrar\u00eb shoferit i autobusit Gani Gjokaj dhe nx\u00ebn\u00ebsve Ledion Hamzaj e Gentiana Mustafaj.<\/p>\n<p>Xhaxhai i nj\u00ebrit nga nx\u00ebn\u00ebsit, Ledion Hamzaj q\u00eb mbeti i vrar\u00eb n\u00eb autobus, ka shpalosur detaje trondit\u00ebse p\u00ebr t\u00eb dyshuarin i cili \u00ebsht\u00eb n\u00eb paraburgim p\u00ebr k\u00ebt\u00eb rast p\u00ebr Lajmi.net.<\/p>\n<div><\/div>\n<p><iframe loading=\"lazy\" src=\"https:\/\/www.facebook.com\/plugins\/video.php?height=476&amp;href=https%3A%2F%2Fwww.facebook.com%2Flajminetvideosss%2Fvideos%2F1039737200369206%2F&amp;show_text=false&amp;width=476&amp;t=0\" width=\"476\" height=\"476\" frameborder=\"0\" scrolling=\"no\" allowfullscreen=\"allowfullscreen\" data-mce-fragment=\"1\"><\/iframe><\/p>\n<p>Ai tha se autori u q\u00ebndroi pran\u00eb familjes edhe n\u00eb t\u00eb pame, nd\u00ebrsa tha se u tregua person i lig\u00eb e jo burr\u00eb.<\/p>\n<p>Tre t\u00eb akuzuarit Kastriot, Kreshnik dhe Halil Mehmetaj, m\u00eb 21 qershor t\u00eb k\u00ebtij viti para Gjykat\u00ebs u deklaruan t\u00eb pafajsh\u00ebm lidhur me akuz\u00ebn p\u00ebr vrajsen e trefisht\u00eb m\u00eb 26 n\u00ebntor 2021 n\u00eb Gllogjan, ku kishin mbetur t\u00eb vdekur dy nx\u00ebn\u00ebs dhe shoferi i autobusit.<\/p>\n<p>Tre t\u00eb akuzuarit u deklaruan t\u00eb pafajsh\u00ebm lidhur me veprat penale \u201cVrasje e r\u00ebnd\u00eb\u201d, \u201cVrasje e r\u00ebnd\u00eb n\u00eb bashk\u00ebkryerje\u201d, \u201cShtytje n\u00eb vrasje t\u00eb r\u00ebnd\u00eb\u201d dhe Arm\u00ebmbajtje pa leje.<\/p>\n<p>N\u00eb dosjen e Prokuroris\u00eb, p\u00ebrshkruhet n\u00eb detaje se si ishte planifikuar vrasja nga t\u00eb akuzuarit si dhe motivet q\u00eb i shtyn\u00eb ata p\u00ebr kryerjen e k\u00ebtij akti.<\/p>\n<p>Sipas aktakuz\u00ebs, cak i vrasjes kishte qen\u00eb shoferi i autobusit, tani i ndjeri Gani Gjokaj dhe se vrasje kishte ndodhur si hakmarrje, pasi familja Mhmetaj e kishin ka faj\u00ebsuar at\u00eb si shkaktar t\u00eb vet\u00ebvrasjes s\u00eb vajz\u00ebs s\u00eb tyre H.M.<\/p>\n<p>&nbsp;<\/p>\n<div class=\"lm-zs-enabled overlay-plain\" data-lm-zs-src=\"[&quot;https:\/\/www.gazetaexpress.com\/wp-content\/uploads\/2023\/08\/Capture-342.jpg&quot;, &quot;https:\/\/www.gazetaexpress.com\/wp-content\/uploads\/2023\/05\/xhavit-haliti.jpeg&quot;, &quot;https:\/\/www.gazetaexpress.com\/wp-content\/uploads\/2023\/08\/ipk.png&quot;, &quot;https:\/\/www.gazetaexpress.com\/wp-content\/uploads\/2023\/08\/640-0-64edd12ba3638-1.png&quot;]\">\n<div class=\"lm-zs-slideshow\">\n<div class=\"lm-click-for-story\"><\/div>\n<\/div>\n<\/div>\n","protected":false},"excerpt":{"rendered":"<p>Vrasja e trefisht\u00eb n\u00eb Gllogjan t\u00eb De\u00e7anit, kishte tronditur Kosov\u00ebn, e pas tri vjet\u00ebsh ky rast ende nuk ka marr\u00eb epilog p\u00ebrfundimtar. Autobusi plot me<\/p>\n","protected":false},"author":14,"featured_media":0,"comment_status":"open","ping_status":"open","sticky":false,"template":"","format":"standard","meta":{"footnotes":""},"categories":[45],"tags":[],"class_list":["post-15208","post","type-post","status-publish","format-standard","hentry","category-rajoni"],"_links":{"self":[{"href":"https:\/\/indeks.bilten.mk\/index.php?rest_route=\/wp\/v2\/posts\/15208","targetHints":{"allow":["GET"]}}],"collection":[{"href":"https:\/\/indeks.bilten.mk\/index.php?rest_route=\/wp\/v2\/posts"}],"about":[{"href":"https:\/\/indeks.bilten.mk\/index.php?rest_route=\/wp\/v2\/types\/post"}],"author":[{"embeddable":true,"href":"https:\/\/indeks.bilten.mk\/index.php?rest_route=\/wp\/v2\/users\/14"}],"replies":[{"embeddable":true,"href":"https:\/\/indeks.bilten.mk\/index.php?rest_route=%2Fwp%2Fv2%2Fcomments&post=15208"}],"version-history":[{"count":0,"href":"https:\/\/indeks.bilten.mk\/index.php?rest_route=\/wp\/v2\/posts\/15208\/revisions"}],"wp:attachment":[{"href":"https:\/\/indeks.bilten.mk\/index.php?rest_route=%2Fwp%2Fv2%2Fmedia&parent=15208"}],"wp:term":[{"taxonomy":"category","embeddable":true,"href":"https:\/\/indeks.bilten.mk\/index.php?rest_route=%2Fwp%2Fv2%2Fcategories&post=15208"},{"taxonomy":"post_tag","embeddable":true,"href":"https:\/\/indeks.bilten.mk\/index.php?rest_route=%2Fwp%2Fv2%2Ftags&post=15208"}],"curies":[{"name":"wp","href":"https:\/\/api.w.org\/{rel}","templated":true}]}}