{"id":15215,"date":"2023-08-29T13:56:49","date_gmt":"2023-08-29T11:56:49","guid":{"rendered":"https:\/\/indeks.mk\/?p=15215"},"modified":"2023-08-29T13:56:49","modified_gmt":"2023-08-29T11:56:49","slug":"cristiano-ronaldo-per-pak-sa-nuk-hoqi-dore-nga-futbolli-per-shkak-te-bullizmit","status":"publish","type":"post","link":"https:\/\/indeks.bilten.mk\/?p=15215","title":{"rendered":"Cristiano Ronaldo p\u00ebr pak sa nuk hoqi dor\u00eb nga futbolli p\u00ebr shkak t\u00eb bullizmit"},"content":{"rendered":"<p><strong>Rruga e Cristiano Ronaldos p\u00ebr t\u2019u b\u00ebr\u00eb legjend\u00eb e futbollit filloi me kalimin e tij t\u00eb par\u00eb n\u00eb Manchester United n\u00eb vitin 2003, por mund t\u00eb mos kishte ndodhur pasi portugezi ishte af\u00ebr t\u00eb hiqte dor\u00eb nga futbolli n\u00eb vitet e tij t\u00eb hershme.<\/strong><\/p>\n<div class=\"code-block code-block-43 code-block-pas-paragrafit-2t-inarticle\">\n<div>\n<div class=\"code-block-label\">38-vje\u00e7ari b\u00ebri kalimin nga Sportingu Lisbona n\u00eb Old Trafford n\u00eb ver\u00ebn e vitit 2003 si 18-vje\u00e7ar dhe p\u00ebr t\u00eb z\u00ebvend\u00ebsuar David Beckham, i cili ishte transferuar te Real Madridi.<\/div>\n<\/div>\n<\/div>\n<p>Gjat\u00eb gjasht\u00eb viteve t\u00eb ardhshme, Ronaldo lul\u00ebzoi p\u00ebr t\u2019u b\u00ebr\u00eb lojtari m\u00eb i mir\u00eb n\u00eb bot\u00eb dhe fitoi \u00e7do trofe klubi q\u00eb mundi n\u00eb Old Trafford.<\/p>\n<p>Nj\u00eb tarif\u00eb e at\u00ebhershme rekord bot\u00ebror i transferimeve prej 94 milion\u00eb eurosh u pagua nga Real Madrid n\u00eb vitin 2009 p\u00ebr portugezin, ku ai vazhdoi t\u00eb nd\u00ebrtonte statusin e tij legjendar si nj\u00eb nga m\u00eb t\u00eb mir\u00ebt ndonj\u00ebher\u00eb n\u00eb futboll.<\/p>\n<div class=\"ai-viewport-1\" data-insertion-position=\"prepend\" data-selector=\".ai-insert-1-90221973\" data-insertion-no-dbg=\"\" data-code=\"PGRpdiBjbGFzcz0nY29kZS1ibG9jayBjb2RlLWJsb2NrLTEgY29kZS1ibG9jay1pbmFydGljbGUtZGVza3RvcCcgc3R5bGU9J21hcmdpbjogOHB4IGF1dG87IHRleHQtYWxpZ246IGNlbnRlcjsgZGlzcGxheTogYmxvY2s7IGNsZWFyOiBib3RoOyB3aWR0aDogMzAwcHg7IGhlaWdodDogNDIwcHg7IGJhY2tncm91bmQtY29sb3I6ICNmZmZmZmY7Jz4KPGRpdiBzdHlsZT0icG9zaXRpb246IHN0aWNreTsgdG9wOiAxNXB4OyI+CjxkaXYgY2xhc3M9ImNvZGUtYmxvY2stbGFiZWwiPlJla2xhbWE8L2Rpdj4KPCEtLSBHUFQgQWRTbG90IDE3IGZvciBBZCB1bml0ICdJbi1hcnRpY2xlX2JveF8yJyAjIyMgU2l6ZTogW1szMDAsMjUwXSxbMSwxXV0gLS0+CjxkaXYgaWQ9J2luYXJ0aWNsZTInPgogIDxzY3JpcHQ+CiAgICBnb29nbGV0YWcuY21kLnB1c2goZnVuY3Rpb24oKSB7IGdvb2dsZXRhZy5kaXNwbGF5KCdpbmFydGljbGUyJyk7IH0pOwogIDwvc2NyaXB0Pgo8L2Rpdj4KPCEtLSBFbmQgQWRTbG90IDE3IC0tPgo8L2Rpdj4KPGRpdiBzdHlsZT0iIGhlaWdodDogMzkwcHg7Ij48L2Rpdj4KPC9kaXY+Cg==\" data-block=\"1\">\n<div class=\"code-block code-block-1 code-block-inarticle-desktop\">\n<div>\n<div id=\"inarticle2\" data-google-query-id=\"CJ223dXngYEDFUXqmgodvkoNrw\">\n<div id=\"google_ads_iframe_\/22646657118\/In-article_box_2_0__container__\"><\/div>\n<\/div>\n<\/div>\n<div><img loading=\"lazy\" decoding=\"async\" class=\"alignnone size-full wp-image-3781919\" src=\"https:\/\/telegrafi.com\/wp-content\/uploads\/2023\/08\/ronaldo-3-1.jpg\" alt=\"\" width=\"447\" height=\"835\" \/><\/div>\n<\/div>\n<\/div>\n<p>Ronaldo m\u00eb von\u00eb u transferua te Juventusi n\u00eb vitin 2019, p\u00ebrpara se t\u00eb kthehej emocionalisht n\u00eb Old Trafford p\u00ebr nj\u00eb periudh\u00eb t\u00eb dyt\u00eb te United n\u00eb ver\u00ebn e 2021.<\/p>\n<p>Megjithat\u00eb, koha e tij n\u00eb skuadr\u00ebn e Erik ten Hag p\u00ebrfundoi vitin e kaluar pas nj\u00eb interviste shp\u00ebrthyese me Piers Morgan n\u00eb t\u00eb cil\u00ebn ai kritikoi shum\u00eb aspekte t\u00eb klubit nga Old Trafford, gj\u00eb q\u00eb \u00e7oi n\u00eb largimin e tij dhe kalimin e m\u00ebvonsh\u00ebm n\u00eb Arabin\u00eb Saudite p\u00ebr t\u00eb luajtur p\u00ebr Al Nassr.<\/p>\n<p>Por, gj\u00ebrat mund t\u00eb kishin qen\u00eb shum\u00eb t\u00eb ndryshme n\u00ebse historia do t\u00eb kishte marr\u00eb nj\u00eb rrjedh\u00eb tjet\u00ebr \u2013 si\u00e7 mendoi Ronaldo t\u00eb linte futbollin kur ishte nj\u00eb lojtar i ri n\u00eb akademin\u00eb e Sportingut.<\/p>\n<p><img loading=\"lazy\" decoding=\"async\" class=\"alignnone size-full wp-image-3781916\" src=\"https:\/\/telegrafi.com\/wp-content\/uploads\/2023\/08\/ronaldo-1-1.jpg\" alt=\"\" width=\"644\" height=\"405\" \/><\/p>\n<p>Ronaldo vjen nga Madeira, nj\u00eb ishull portugez n\u00eb Oqeanin Atlantik dhe, si rezultat, flet me nj\u00eb theks Madeiran dhe ishte kjo q\u00eb \u00e7oi n\u00eb probleme ngacmimi apo bullizmi kur u transferua n\u00eb kryeqytet p\u00ebr t\u00eb luajtur p\u00ebr Sportingun n\u00eb akademin\u00eb e tyre.<\/p>\n<div class=\"ai-viewport-1\" data-insertion-position=\"prepend\" data-selector=\".ai-insert-1-56983936\" data-insertion-no-dbg=\"\" data-code=\"PGRpdiBjbGFzcz0nY29kZS1ibG9jayBjb2RlLWJsb2NrLTEgY29kZS1ibG9jay1pbmFydGljbGUtZGVza3RvcCcgc3R5bGU9J21hcmdpbjogOHB4IGF1dG87IHRleHQtYWxpZ246IGNlbnRlcjsgZGlzcGxheTogYmxvY2s7IGNsZWFyOiBib3RoOyB3aWR0aDogMzAwcHg7IGhlaWdodDogNDIwcHg7IGJhY2tncm91bmQtY29sb3I6ICNmZmZmZmY7Jz4KPGRpdiBzdHlsZT0icG9zaXRpb246IHN0aWNreTsgdG9wOiAxNXB4OyI+CjxkaXYgY2xhc3M9ImNvZGUtYmxvY2stbGFiZWwiPlJla2xhbWE8L2Rpdj4KCjwhLS0gR1BUIEFkU2xvdCAxOCBmb3IgQWQgdW5pdCAnSW4tYXJ0aWNsZV9ib3hfMycgIyMjIFNpemU6IFtbMzAwLDI1MF0sWzEsMV1dIC0tPgo8ZGl2IGlkPSdpbmFydGljbGUzJz4KICA8c2NyaXB0PgogICAgZ29vZ2xldGFnLmNtZC5wdXNoKGZ1bmN0aW9uKCkgeyBnb29nbGV0YWcuZGlzcGxheSgnaW5hcnRpY2xlMycpOyB9KTsKICA8L3NjcmlwdD4KPC9kaXY+CjwhLS0gRW5kIEFkU2xvdCAxOCAtLT4KPC9kaXY+CjxkaXYgc3R5bGU9IiBoZWlnaHQ6IDM5MHB4OyI+PC9kaXY+CjwvZGl2Pgo=\" data-block=\"1\">\n<div class=\"code-block code-block-1 code-block-inarticle-desktop\">\n<div>\n<div class=\"code-block-label\">V\u00ebshtir\u00ebsit\u00eb me t\u00eb cilat u p\u00ebrball gjat\u00eb koh\u00ebs s\u00eb tij n\u00eb Lisbon\u00eb u zbuluan n\u00eb nj\u00eb lib\u00ebr t\u00eb titulluar \u201cMessi vs Ronaldo: Nj\u00eb rivalitet, dy \u2018GOAT\u2019 dhe epoka q\u00eb rind\u00ebrtoi loj\u00ebn e bot\u00ebs\u201d.<\/div>\n<\/div>\n<\/div>\n<\/div>\n<p>Sipas\u00a0<em>The Sun<\/em>, libri thuhej se Ronaldo po mendonte ta linte karrier\u00eb pas tij, madje edhe filloi. Ai po planifikonte t\u00eb largohej nga futbolli gjat\u00eb koh\u00ebs s\u00eb tij si lojtar i akademis\u00eb me Sportingun.<\/p>\n<div class=\"twitter-tweet twitter-tweet-rendered\"><iframe id=\"twitter-widget-0\" class=\"\" title=\"Twitter Tweet\" src=\"https:\/\/platform.twitter.com\/embed\/Tweet.html?creatorScreenName=Telegrafisti&amp;dnt=true&amp;embedId=twitter-widget-0&amp;features=eyJ0ZndfdGltZWxpbmVfbGlzdCI6eyJidWNrZXQiOltdLCJ2ZXJzaW9uIjpudWxsfSwidGZ3X2ZvbGxvd2VyX2NvdW50X3N1bnNldCI6eyJidWNrZXQiOnRydWUsInZlcnNpb24iOm51bGx9LCJ0ZndfdHdlZXRfZWRpdF9iYWNrZW5kIjp7ImJ1Y2tldCI6Im9uIiwidmVyc2lvbiI6bnVsbH0sInRmd19yZWZzcmNfc2Vzc2lvbiI6eyJidWNrZXQiOiJvbiIsInZlcnNpb24iOm51bGx9LCJ0ZndfZm9zbnJfc29mdF9pbnRlcnZlbnRpb25zX2VuYWJsZWQiOnsiYnVja2V0Ijoib24iLCJ2ZXJzaW9uIjpudWxsfSwidGZ3X21peGVkX21lZGlhXzE1ODk3Ijp7ImJ1Y2tldCI6InRyZWF0bWVudCIsInZlcnNpb24iOm51bGx9LCJ0ZndfZXhwZXJpbWVudHNfY29va2llX2V4cGlyYXRpb24iOnsiYnVja2V0IjoxMjA5NjAwLCJ2ZXJzaW9uIjpudWxsfSwidGZ3X3Nob3dfYmlyZHdhdGNoX3Bpdm90c19lbmFibGVkIjp7ImJ1Y2tldCI6Im9uIiwidmVyc2lvbiI6bnVsbH0sInRmd19kdXBsaWNhdGVfc2NyaWJlc190b19zZXR0aW5ncyI6eyJidWNrZXQiOiJvbiIsInZlcnNpb24iOm51bGx9LCJ0ZndfdXNlX3Byb2ZpbGVfaW1hZ2Vfc2hhcGVfZW5hYmxlZCI6eyJidWNrZXQiOiJvbiIsInZlcnNpb24iOm51bGx9LCJ0ZndfdmlkZW9faGxzX2R5bmFtaWNfbWFuaWZlc3RzXzE1MDgyIjp7ImJ1Y2tldCI6InRydWVfYml0cmF0ZSIsInZlcnNpb24iOm51bGx9LCJ0ZndfbGVnYWN5X3RpbWVsaW5lX3N1bnNldCI6eyJidWNrZXQiOnRydWUsInZlcnNpb24iOm51bGx9LCJ0ZndfdHdlZXRfZWRpdF9mcm9udGVuZCI6eyJidWNrZXQiOiJvbiIsInZlcnNpb24iOm51bGx9fQ%3D%3D&amp;frame=false&amp;hideCard=false&amp;hideThread=false&amp;id=1696249377096863785&amp;lang=en&amp;origin=https%3A%2F%2Ftelegrafi.com%2Fcristiano-ronaldo-per-pak-sa-nuk-hoqi-dore-nga-futbolli-per-shkak-te-bullizmit%2F&amp;sessionId=b1f829b31cf9bad5f8dd62d090e9e60ae6475e56&amp;siteScreenName=Telegrafisti&amp;theme=light&amp;widgetsVersion=aaf4084522e3a%3A1674595607486&amp;width=500px\" frameborder=\"0\" scrolling=\"no\" allowfullscreen=\"allowfullscreen\" data-tweet-id=\"1696249377096863785\" data-mce-fragment=\"1\"><\/iframe><\/div>\n<p>&nbsp;<\/p>\n<p>Libri zbuloi gjithashtu se Ronaldo ishte tallur p\u00ebr theksin e tij Madeiran nga djemt\u00eb e tjer\u00eb dhe po qante \u00e7do dit\u00eb sepse i mungonin familja dhe miqt\u00eb e tij.<\/p>\n<p>N\u00eb nj\u00eb mosh\u00eb t\u00eb re, ylli portugez shpesh nuk arrinte t\u00eb kontrollonte emocionet e tij dhe si rezultat, u p\u00ebrfshi n\u00eb p\u00ebrplasje t\u00eb shumta me djem t\u00eb tjer\u00eb.<\/p>\n<div class=\"ai-viewport-1\" data-insertion-position=\"prepend\" data-selector=\".ai-insert-1-26428323\" data-insertion-no-dbg=\"\" data-code=\"PGRpdiBjbGFzcz0nY29kZS1ibG9jayBjb2RlLWJsb2NrLTEgY29kZS1ibG9jay1pbmFydGljbGUtZGVza3RvcCcgc3R5bGU9J21hcmdpbjogOHB4IGF1dG87IHRleHQtYWxpZ246IGNlbnRlcjsgZGlzcGxheTogYmxvY2s7IGNsZWFyOiBib3RoOyB3aWR0aDogMzAwcHg7IGhlaWdodDogNDIwcHg7IGJhY2tncm91bmQtY29sb3I6ICNmZmZmZmY7Jz4KPGRpdiBzdHlsZT0icG9zaXRpb246IHN0aWNreTsgdG9wOiAxNXB4OyI+CjxkaXYgY2xhc3M9ImNvZGUtYmxvY2stbGFiZWwiPlJla2xhbWE8L2Rpdj4KCjxkaXYgaWQ9IlBBLVRhYm9vbGEiPjwvZGl2Pgo8L2Rpdj4KPGRpdiBzdHlsZT0iIGhlaWdodDogMzkwcHg7Ij48L2Rpdj4KPC9kaXY+Cg==\" data-block=\"1\">\n<div class=\"code-block code-block-1 code-block-inarticle-desktop\">\n<div>\n<div id=\"taboola-sponsored-mid-article\" class=\" trc_related_container trc_spotlight_widget trc_elastic trc_elastic_sc-mid-article-telegrafi \" data-placement-name=\"Sponsored Mid Article\">\n<div class=\"trc_rbox_container\">\n<div>\n<div id=\"trc_wrapper_26536\" class=\"trc_rbox sc-mid-article-telegrafi trc-content-sponsored \">\n<div class=\"trc_clearer\">P\u00ebrfundimisht, Ronaldo u lejua t\u00eb linte shkoll\u00ebn dhe t\u00eb fokusohej n\u00eb futbollin e tij. M\u00eb von\u00eb ai u shp\u00ebrblye duke u thirrur n\u00eb ekipin e par\u00eb t\u00eb Sportingut dhe pjesa tjet\u00ebr, si\u00e7 thon\u00eb ata, \u00ebsht\u00eb histori. <strong><em>\/Telegrafi\/<\/em><\/strong><\/div>\n<\/div>\n<\/div>\n<\/div>\n<\/div>\n<\/div>\n<\/div>\n<\/div>\n","protected":false},"excerpt":{"rendered":"<p>Rruga e Cristiano Ronaldos p\u00ebr t\u2019u b\u00ebr\u00eb legjend\u00eb e futbollit filloi me kalimin e tij t\u00eb par\u00eb n\u00eb Manchester United n\u00eb vitin 2003, por mund<\/p>\n","protected":false},"author":14,"featured_media":0,"comment_status":"open","ping_status":"open","sticky":false,"template":"","format":"standard","meta":{"footnotes":""},"categories":[48],"tags":[],"class_list":["post-15215","post","type-post","status-publish","format-standard","hentry","category-sport"],"_links":{"self":[{"href":"https:\/\/indeks.bilten.mk\/index.php?rest_route=\/wp\/v2\/posts\/15215","targetHints":{"allow":["GET"]}}],"collection":[{"href":"https:\/\/indeks.bilten.mk\/index.php?rest_route=\/wp\/v2\/posts"}],"about":[{"href":"https:\/\/indeks.bilten.mk\/index.php?rest_route=\/wp\/v2\/types\/post"}],"author":[{"embeddable":true,"href":"https:\/\/indeks.bilten.mk\/index.php?rest_route=\/wp\/v2\/users\/14"}],"replies":[{"embeddable":true,"href":"https:\/\/indeks.bilten.mk\/index.php?rest_route=%2Fwp%2Fv2%2Fcomments&post=15215"}],"version-history":[{"count":0,"href":"https:\/\/indeks.bilten.mk\/index.php?rest_route=\/wp\/v2\/posts\/15215\/revisions"}],"wp:attachment":[{"href":"https:\/\/indeks.bilten.mk\/index.php?rest_route=%2Fwp%2Fv2%2Fmedia&parent=15215"}],"wp:term":[{"taxonomy":"category","embeddable":true,"href":"https:\/\/indeks.bilten.mk\/index.php?rest_route=%2Fwp%2Fv2%2Fcategories&post=15215"},{"taxonomy":"post_tag","embeddable":true,"href":"https:\/\/indeks.bilten.mk\/index.php?rest_route=%2Fwp%2Fv2%2Ftags&post=15215"}],"curies":[{"name":"wp","href":"https:\/\/api.w.org\/{rel}","templated":true}]}}