{"id":15218,"date":"2023-08-29T14:18:49","date_gmt":"2023-08-29T12:18:49","guid":{"rendered":"https:\/\/indeks.mk\/?p=15218"},"modified":"2023-08-29T14:18:49","modified_gmt":"2023-08-29T12:18:49","slug":"milani-refuzon-shitjen-e-kalulu-te-bayern-munichu","status":"publish","type":"post","link":"https:\/\/indeks.bilten.mk\/?p=15218","title":{"rendered":"Milani refuzon shitjen e Kalulu te Bayern Munichu"},"content":{"rendered":"<p><strong>Bayern Munich po k\u00ebrkon t\u00eb marr\u00eb Pierre Kalulu p\u00ebr t\u00eb z\u00ebvend\u00ebsuar objektivin e Interit , Benjamin Pavard, por Milani thuhet se nuk ka nd\u00ebrmend ta shes\u00eb francezin.<\/strong><\/p>\n<div class=\"code-block code-block-43 code-block-pas-paragrafit-2t-inarticle\">\n<div>\n<div class=\"code-block-label\">Nerazzurr\u00ebt kan\u00eb r\u00ebn\u00eb dakord prej koh\u00ebsh p\u00ebr kushtet p\u00ebr Pavard, por gjigant\u00ebt bavarez e kan\u00eb b\u00ebr\u00eb t\u00eb qart\u00eb se ata nuk do t\u00eb n\u00ebnshkruajn\u00eb transferimin e tij prej 32 milion\u00eb euro n\u00eb kryeqytetin e Lombardis\u00eb derisa t\u00eb sigurojn\u00eb nj\u00eb z\u00ebvend\u00ebsim.<\/div>\n<\/div>\n<\/div>\n<p>Kalulu doli si nj\u00eb objektiv ky\u00e7 p\u00ebr Bayernin, i cili shpreson t\u00eb n\u00ebnshkruaj\u00eb me 23-vje\u00e7arin n\u00eb nj\u00eb marr\u00ebveshje huazimi me opsion blerjeje t\u00eb bashkangjitur, por koha ka filluar t\u00eb mbaroj\u00eb n\u00eb afatin kalimtar t\u00eb ver\u00ebs.<\/p>\n<p>&nbsp;<\/p>\n<div class=\"twitter-tweet twitter-tweet-rendered\"><iframe id=\"twitter-widget-0\" class=\"\" title=\"Twitter Tweet\" src=\"https:\/\/platform.twitter.com\/embed\/Tweet.html?creatorScreenName=Telegrafisti&amp;dnt=false&amp;embedId=twitter-widget-0&amp;features=eyJ0ZndfdGltZWxpbmVfbGlzdCI6eyJidWNrZXQiOltdLCJ2ZXJzaW9uIjpudWxsfSwidGZ3X2ZvbGxvd2VyX2NvdW50X3N1bnNldCI6eyJidWNrZXQiOnRydWUsInZlcnNpb24iOm51bGx9LCJ0ZndfdHdlZXRfZWRpdF9iYWNrZW5kIjp7ImJ1Y2tldCI6Im9uIiwidmVyc2lvbiI6bnVsbH0sInRmd19yZWZzcmNfc2Vzc2lvbiI6eyJidWNrZXQiOiJvbiIsInZlcnNpb24iOm51bGx9LCJ0ZndfZm9zbnJfc29mdF9pbnRlcnZlbnRpb25zX2VuYWJsZWQiOnsiYnVja2V0Ijoib24iLCJ2ZXJzaW9uIjpudWxsfSwidGZ3X21peGVkX21lZGlhXzE1ODk3Ijp7ImJ1Y2tldCI6InRyZWF0bWVudCIsInZlcnNpb24iOm51bGx9LCJ0ZndfZXhwZXJpbWVudHNfY29va2llX2V4cGlyYXRpb24iOnsiYnVja2V0IjoxMjA5NjAwLCJ2ZXJzaW9uIjpudWxsfSwidGZ3X3Nob3dfYmlyZHdhdGNoX3Bpdm90c19lbmFibGVkIjp7ImJ1Y2tldCI6Im9uIiwidmVyc2lvbiI6bnVsbH0sInRmd19kdXBsaWNhdGVfc2NyaWJlc190b19zZXR0aW5ncyI6eyJidWNrZXQiOiJvbiIsInZlcnNpb24iOm51bGx9LCJ0ZndfdXNlX3Byb2ZpbGVfaW1hZ2Vfc2hhcGVfZW5hYmxlZCI6eyJidWNrZXQiOiJvbiIsInZlcnNpb24iOm51bGx9LCJ0ZndfdmlkZW9faGxzX2R5bmFtaWNfbWFuaWZlc3RzXzE1MDgyIjp7ImJ1Y2tldCI6InRydWVfYml0cmF0ZSIsInZlcnNpb24iOm51bGx9LCJ0ZndfbGVnYWN5X3RpbWVsaW5lX3N1bnNldCI6eyJidWNrZXQiOnRydWUsInZlcnNpb24iOm51bGx9LCJ0ZndfdHdlZXRfZWRpdF9mcm9udGVuZCI6eyJidWNrZXQiOiJvbiIsInZlcnNpb24iOm51bGx9fQ%3D%3D&amp;frame=false&amp;hideCard=false&amp;hideThread=false&amp;id=1696433003407331377&amp;lang=en&amp;origin=https%3A%2F%2Ftelegrafi.com%2Fmilani-refuzon-shitjen-e-kalulu-te-bayern-munichu%2F&amp;sessionId=c7f1e5d97d898ea52fa71bcbc9f9e97d76319b2f&amp;siteScreenName=Telegrafisti&amp;theme=light&amp;widgetsVersion=aaf4084522e3a%3A1674595607486&amp;width=550px\" frameborder=\"0\" scrolling=\"no\" allowfullscreen=\"allowfullscreen\" data-tweet-id=\"1696433003407331377\" data-mce-fragment=\"1\"><\/iframe><\/div>\n<p>&nbsp;<\/p>\n<p>Sipas gazet\u00ebs\u00a0<em>Tuttosport<\/em>, Milani nuk ka nd\u00ebrmend t\u00eb pranoj\u00eb t\u00eb d\u00ebrgoj\u00eb Kalulu n\u00eb Bayern n\u00eb form\u00eb huazimi, por \u00ebsht\u00eb i gatsh\u00ebm t\u00eb ulet vet\u00ebm p\u00ebr oferta prej t\u00eb pakt\u00ebn 35 milion\u00eb euro.<\/p>\n<p>Stefano Pioli e konsideron mbrojt\u00ebsin francez nj\u00eb pjes\u00eb thelb\u00ebsore t\u00eb skuadr\u00ebs s\u00eb tij dhe vonesa e interesit t\u00eb gjigantit t\u00eb Bundeslig\u00ebs e b\u00ebn tep\u00ebr t\u00eb v\u00ebshtir\u00eb gjetjen e nj\u00eb z\u00ebvend\u00ebsuesi.<\/p>\n<p>Sezonin e kaluar, Kalulu pa mbi 3400 minuta t\u00eb luajtura n\u00eb 46 paraqitje gjithsej p\u00ebr Milanin n\u00eb t\u00eb gjitha garat.\u00a0 <strong><em>\/Telegrafi\/<\/em><\/strong><\/p>\n","protected":false},"excerpt":{"rendered":"<p>Bayern Munich po k\u00ebrkon t\u00eb marr\u00eb Pierre Kalulu p\u00ebr t\u00eb z\u00ebvend\u00ebsuar objektivin e Interit , Benjamin Pavard, por Milani thuhet se nuk ka nd\u00ebrmend ta<\/p>\n","protected":false},"author":14,"featured_media":0,"comment_status":"open","ping_status":"open","sticky":false,"template":"","format":"standard","meta":{"footnotes":""},"categories":[48],"tags":[],"class_list":["post-15218","post","type-post","status-publish","format-standard","hentry","category-sport"],"_links":{"self":[{"href":"https:\/\/indeks.bilten.mk\/index.php?rest_route=\/wp\/v2\/posts\/15218","targetHints":{"allow":["GET"]}}],"collection":[{"href":"https:\/\/indeks.bilten.mk\/index.php?rest_route=\/wp\/v2\/posts"}],"about":[{"href":"https:\/\/indeks.bilten.mk\/index.php?rest_route=\/wp\/v2\/types\/post"}],"author":[{"embeddable":true,"href":"https:\/\/indeks.bilten.mk\/index.php?rest_route=\/wp\/v2\/users\/14"}],"replies":[{"embeddable":true,"href":"https:\/\/indeks.bilten.mk\/index.php?rest_route=%2Fwp%2Fv2%2Fcomments&post=15218"}],"version-history":[{"count":0,"href":"https:\/\/indeks.bilten.mk\/index.php?rest_route=\/wp\/v2\/posts\/15218\/revisions"}],"wp:attachment":[{"href":"https:\/\/indeks.bilten.mk\/index.php?rest_route=%2Fwp%2Fv2%2Fmedia&parent=15218"}],"wp:term":[{"taxonomy":"category","embeddable":true,"href":"https:\/\/indeks.bilten.mk\/index.php?rest_route=%2Fwp%2Fv2%2Fcategories&post=15218"},{"taxonomy":"post_tag","embeddable":true,"href":"https:\/\/indeks.bilten.mk\/index.php?rest_route=%2Fwp%2Fv2%2Ftags&post=15218"}],"curies":[{"name":"wp","href":"https:\/\/api.w.org\/{rel}","templated":true}]}}