{"id":15221,"date":"2023-08-29T14:21:52","date_gmt":"2023-08-29T12:21:52","guid":{"rendered":"https:\/\/indeks.mk\/?p=15221"},"modified":"2023-08-29T14:22:09","modified_gmt":"2023-08-29T12:22:09","slug":"misteri-i-anetareve-te-familjes-ne-turqi-qe-ecin-me-kater-kembe","status":"publish","type":"post","link":"https:\/\/indeks.bilten.mk\/?p=15221","title":{"rendered":"Misteri i an\u00ebtar\u00ebve t\u00eb familjes n\u00eb Turqi q\u00eb ecin me \u201ckat\u00ebr k\u00ebmb\u00eb\u201d (VIDEO)"},"content":{"rendered":"<p>P\u00ebr 17 vjet, komuniteti shkencor po p\u00ebrpiqet t\u00eb hedh\u00eb drit\u00eb mbi misterin e pes\u00eb an\u00ebtar\u00ebve t\u00eb familjes Ulas n\u00eb Turqin\u00eb juglindore q\u00eb ecin me t\u00eb kat\u00ebr k\u00ebmb\u00eb.<\/p>\n<p>Familja kurde jeton e izoluar n\u00eb nj\u00eb cep t\u00eb larg\u00ebt t\u00eb Turqis\u00eb. Megjithat\u00eb, disa nga an\u00ebtar\u00ebt e saj duket se i kan\u00eb v\u00ebn\u00eb nj\u00eb \u201cmburoj\u00eb\u201d tre milion\u00eb viteve t\u00eb evolucionit njer\u00ebzor. Nga 19 f\u00ebmij\u00ebt e lindur t\u00eb Rezit dhe Hatisit, t\u00eb cil\u00ebt ecin si \u00e7do njeri i zakonsh\u00ebm, pes\u00eb an\u00ebtar\u00eb ecin me kat\u00ebr k\u00ebmb\u00eb, pra edhe duart kryejn\u00eb funksionet e k\u00ebmb\u00ebs.<\/p>\n<p>Disa shkenc\u00ebtar\u00eb e kan\u00eb p\u00ebrshkruar gjendjen e tyre si \u201cregresive\u201d, por kjo teori ka nxitur kritika nga ekspert\u00eb t\u00eb tjer\u00eb t\u00eb cil\u00ebt argumentojn\u00eb se \u00ebsht\u00eb nj\u00eb kombinim i faktor\u00ebve \u201cgjenetik\u00eb\u201d.<\/p>\n<p><iframe loading=\"lazy\" title=\"Family that Walks on All Fours - Full Documentary\" src=\"https:\/\/www.youtube.com\/embed\/094qMovHark\" width=\"993\" height=\"559\" frameborder=\"0\" allowfullscreen=\"allowfullscreen\" data-mce-fragment=\"1\"><\/iframe><\/p>\n<p>T\u00eb tjer\u00eb argumentojn\u00eb se\u00a0nj\u00eb faktor i r\u00ebnd\u00ebsish\u00ebm n\u00eb gjendjen e tyre varet nga kushtet dhe mjedisi. Skeleti i tyre \u00ebsht\u00eb m\u00eb shum\u00eb si ai i majmunit sesa njeriut.<\/p>\n<div><\/div>\n<p>Edhe pse nuk kan\u00eb shkuar n\u00eb shkoll\u00eb, kan\u00eb arritur t\u00eb m\u00ebsojn\u00eb gjuh\u00ebn kurde p\u00ebr t\u00eb komunikuar me an\u00ebtar\u00ebt e tjer\u00eb t\u00eb familjes. P\u00ebr m\u00eb shum\u00eb se 20 vjet, ekzistenca e familjes mbeti e fshehur, derisa dy shkenc\u00ebtar\u00eb britanik\u00eb pan\u00eb nj\u00eb punim t\u00eb pabotuar nga nj\u00eb profesor turk n\u00eb vitin 2005.<\/p>\n<p>&nbsp;<\/p>\n<div class=\"lm-zs-enabled overlay-plain\" data-lm-zs-src=\"[&quot;https:\/\/www.gazetaexpress.com\/wp-content\/uploads\/2020\/04\/Komuna-e-Drenasit-1.jpg&quot;, &quot;https:\/\/www.gazetaexpress.com\/wp-content\/uploads\/2022\/03\/1552671043264-ivica-dacic-serbia.jpg&quot;, &quot;https:\/\/www.gazetaexpress.com\/wp-content\/uploads\/2023\/08\/a-a-aa.png&quot;, &quot;https:\/\/www.gazetaexpress.com\/wp-content\/uploads\/2023\/08\/3-3.png&quot;]\">\n<div class=\"lm-zs-slideshow\">\n<div class=\"lm-click-for-story\">\n<div class=\"lm-click-for-left-story\"><\/div>\n<div class=\"lm-click-for-right-story\"><\/div>\n<\/div>\n<div class=\"lm-slider-inner-content\">\n<h1 class=\"lm-title-story\">\u00c7far\u00eb e shkaktoi kaosin n\u00eb aeroportet e Britanis\u00eb s\u00eb Madhe?<\/h1>\n<p><a href=\"https:\/\/www.gazetaexpress.com\/cfare-e-shkaktoi-kaosin-ne-aeroportet-e-britanise-se-madhe\/?utm_source=luponmedia_story\" target=\"_blank\" rel=\"noopener\"><button class=\"lm-button-redirect\" type=\"button\">Read more<\/button><\/a><\/p>\n<\/div>\n<div class=\"lm-zs-slides\">\n<div class=\"lm-zs-slide lm-zs-slide-0 passed\"><\/div>\n<div class=\"lm-zs-slide lm-zs-slide-1 passed\"><\/div>\n<div class=\"lm-zs-slide lm-zs-slide-2 active\"><\/div>\n<div class=\"lm-zs-slide lm-zs-slide-3\"><\/div>\n<\/div>\n<div class=\"lm-zs-bullets\">\n<div class=\"lm-zs-bullet lm-zs-bullet-0 passed\"><\/div>\n<div class=\"lm-zs-bullet lm-zs-bullet-1 passed\"><\/div>\n<div class=\"lm-zs-bullet lm-zs-bullet-2 active\"><\/div>\n<div class=\"lm-zs-bullet lm-zs-bullet-3\"><\/div>\n<\/div>\n<\/div>\n<div id=\"lmAdvert92Div92\">\n<div id=\"lmAdvert92TxT92\">Advertisem<\/div>\n<\/div>\n<\/div>\n","protected":false},"excerpt":{"rendered":"<p>P\u00ebr 17 vjet, komuniteti shkencor po p\u00ebrpiqet t\u00eb hedh\u00eb drit\u00eb mbi misterin e pes\u00eb an\u00ebtar\u00ebve t\u00eb familjes Ulas n\u00eb Turqin\u00eb juglindore q\u00eb ecin me t\u00eb<\/p>\n","protected":false},"author":14,"featured_media":0,"comment_status":"open","ping_status":"open","sticky":false,"template":"","format":"standard","meta":{"footnotes":""},"categories":[54],"tags":[],"class_list":["post-15221","post","type-post","status-publish","format-standard","hentry","category-indeks"],"_links":{"self":[{"href":"https:\/\/indeks.bilten.mk\/index.php?rest_route=\/wp\/v2\/posts\/15221","targetHints":{"allow":["GET"]}}],"collection":[{"href":"https:\/\/indeks.bilten.mk\/index.php?rest_route=\/wp\/v2\/posts"}],"about":[{"href":"https:\/\/indeks.bilten.mk\/index.php?rest_route=\/wp\/v2\/types\/post"}],"author":[{"embeddable":true,"href":"https:\/\/indeks.bilten.mk\/index.php?rest_route=\/wp\/v2\/users\/14"}],"replies":[{"embeddable":true,"href":"https:\/\/indeks.bilten.mk\/index.php?rest_route=%2Fwp%2Fv2%2Fcomments&post=15221"}],"version-history":[{"count":0,"href":"https:\/\/indeks.bilten.mk\/index.php?rest_route=\/wp\/v2\/posts\/15221\/revisions"}],"wp:attachment":[{"href":"https:\/\/indeks.bilten.mk\/index.php?rest_route=%2Fwp%2Fv2%2Fmedia&parent=15221"}],"wp:term":[{"taxonomy":"category","embeddable":true,"href":"https:\/\/indeks.bilten.mk\/index.php?rest_route=%2Fwp%2Fv2%2Fcategories&post=15221"},{"taxonomy":"post_tag","embeddable":true,"href":"https:\/\/indeks.bilten.mk\/index.php?rest_route=%2Fwp%2Fv2%2Ftags&post=15221"}],"curies":[{"name":"wp","href":"https:\/\/api.w.org\/{rel}","templated":true}]}}