{"id":15232,"date":"2023-08-29T14:38:06","date_gmt":"2023-08-29T12:38:06","guid":{"rendered":"https:\/\/indeks.mk\/?p=15232"},"modified":"2023-08-29T14:38:06","modified_gmt":"2023-08-29T12:38:06","slug":"bora-zemani-publikon-fotografi-nga-femijeria-e-saj-foto","status":"publish","type":"post","link":"https:\/\/indeks.bilten.mk\/?p=15232","title":{"rendered":"Bora Zemani publikon fotografi nga f\u00ebmij\u00ebria e saj (FOTO)"},"content":{"rendered":"<p><strong>Bora Zemani s\u00eb fundmi ka paralajm\u00ebruar nj\u00eb film s\u00eb bashku me Donaldin.<\/strong><\/p>\n<p>Ajo sot si duket \u00ebsht\u00eb b\u00ebr\u00eb nostalgjike p\u00ebr f\u00ebmij\u00ebrin\u00eb, shkruan Kosovarja.<\/p>\n<p>Bora ka postuar nj\u00eb foto me familjen e saj t\u00eb ngusht, ku n\u00eb foto duken sa shum\u00eb ka ndryshuar q\u00eb nga f\u00ebmij\u00ebrija ajo dhe v\u00ebllau i saj.<\/p>\n<p>Lumturia n\u00eb mes tyre nuk mungon as n\u00eb foton e b\u00ebr\u00eb shum\u00eb vite m\u00eb para dhe as n\u00eb k\u00ebt\u00eb t\u00eb sotshme.<\/p>\n<p>Po ju a keni foto t\u00eb tilla p\u00ebr ti krahasuar?!<\/p>\n<p><img loading=\"lazy\" decoding=\"async\" class=\"alignleft size-full wp-image-493921\" src=\"https:\/\/i0.wp.com\/www.kosovarja-ks.com\/wp-content\/uploads\/2023\/08\/Screenshot-16-26.png?resize=496%2C875&amp;ssl=1\" sizes=\"auto, (max-width: 496px) 100vw, 496px\" srcset=\"https:\/\/i0.wp.com\/www.kosovarja-ks.com\/wp-content\/uploads\/2023\/08\/Screenshot-16-26.png?w=496&amp;ssl=1 496w, https:\/\/i0.wp.com\/www.kosovarja-ks.com\/wp-content\/uploads\/2023\/08\/Screenshot-16-26.png?resize=170%2C300&amp;ssl=1 170w\" alt=\"\" width=\"496\" height=\"875\" data-pin-no-hover=\"true\" \/><\/p>\n","protected":false},"excerpt":{"rendered":"<p>Bora Zemani s\u00eb fundmi ka paralajm\u00ebruar nj\u00eb film s\u00eb bashku me Donaldin. Ajo sot si duket \u00ebsht\u00eb b\u00ebr\u00eb nostalgjike p\u00ebr f\u00ebmij\u00ebrin\u00eb, shkruan Kosovarja. Bora ka<\/p>\n","protected":false},"author":14,"featured_media":0,"comment_status":"open","ping_status":"open","sticky":false,"template":"","format":"standard","meta":{"footnotes":""},"categories":[49],"tags":[],"class_list":["post-15232","post","type-post","status-publish","format-standard","hentry","category-showbiz"],"_links":{"self":[{"href":"https:\/\/indeks.bilten.mk\/index.php?rest_route=\/wp\/v2\/posts\/15232","targetHints":{"allow":["GET"]}}],"collection":[{"href":"https:\/\/indeks.bilten.mk\/index.php?rest_route=\/wp\/v2\/posts"}],"about":[{"href":"https:\/\/indeks.bilten.mk\/index.php?rest_route=\/wp\/v2\/types\/post"}],"author":[{"embeddable":true,"href":"https:\/\/indeks.bilten.mk\/index.php?rest_route=\/wp\/v2\/users\/14"}],"replies":[{"embeddable":true,"href":"https:\/\/indeks.bilten.mk\/index.php?rest_route=%2Fwp%2Fv2%2Fcomments&post=15232"}],"version-history":[{"count":0,"href":"https:\/\/indeks.bilten.mk\/index.php?rest_route=\/wp\/v2\/posts\/15232\/revisions"}],"wp:attachment":[{"href":"https:\/\/indeks.bilten.mk\/index.php?rest_route=%2Fwp%2Fv2%2Fmedia&parent=15232"}],"wp:term":[{"taxonomy":"category","embeddable":true,"href":"https:\/\/indeks.bilten.mk\/index.php?rest_route=%2Fwp%2Fv2%2Fcategories&post=15232"},{"taxonomy":"post_tag","embeddable":true,"href":"https:\/\/indeks.bilten.mk\/index.php?rest_route=%2Fwp%2Fv2%2Ftags&post=15232"}],"curies":[{"name":"wp","href":"https:\/\/api.w.org\/{rel}","templated":true}]}}