{"id":15245,"date":"2023-08-29T15:26:26","date_gmt":"2023-08-29T13:26:26","guid":{"rendered":"https:\/\/indeks.mk\/?p=15245"},"modified":"2023-08-29T15:26:26","modified_gmt":"2023-08-29T13:26:26","slug":"bilall-kasami-me-receten-e-azem-sadikit-deshiron-te-behet-si-albini","status":"publish","type":"post","link":"https:\/\/indeks.bilten.mk\/?p=15245","title":{"rendered":"Bilall Kasami me \u201crecet\u00ebn\u201d e Azem Sadikit d\u00ebshiron t\u00eb b\u00ebhet si Albini"},"content":{"rendered":"<p>Shkruan: indeks.mk<\/p>\n<p>\u201cKomuna \u00ebsht\u00eb e ngulfatur n\u00eb borxhe\u201d, ky ishte arsyetimi q\u00eb Bilall Kasami e jepte para qytetar\u00ebve t\u00eb Tetov\u00ebs, pasi e mori mandatin dhe kishte filluar t\u00eb d\u00ebshtonte n\u00eb realizimin e projekteve kapitale e \u201cfamoze\u201d t\u00eb premtuara gjat\u00eb fushat\u00ebs.<\/p>\n<p>Me arsyetimin e borxhit, Kasami e \u201ch\u00ebngri\u201d jeshil nj\u00eb vit e m\u00eb tep\u00ebr, pasi harroi borxhin, Kasami lidhi koalicion me VMRO-n\u00eb e Mickoskit n\u00eb K\u00ebshillin Komunal, po edhe n\u00eb nivele m\u00eb t\u00eb larta, saq\u00eb koordinoheshin p\u00ebr veprimet e tyre, jo vet\u00ebm n\u00eb komun\u00eb, por dhe n\u00eb Parlament, gjithnj\u00eb duke ndjekur q\u00ebllimet destruktive t\u00eb \u201dpartnerit strstegjik\u201d.<\/p>\n<p>Takimet me Mickoskin ishin shum\u00eb t\u00eb shpeshta dhe publike, biles, ishte vet\u00eb kreu i VMRO-s\u00eb q\u00eb e vizitoi Kasamin n\u00eb Komun\u00ebn e Tetov\u00ebs, pasi ky i fundit, prishi koalicionin q\u00eb kishte me LSDM-n\u00eb e Zoran Zaevit, koalicion fal\u00eb t\u00eb cilit fitoi edhe ul\u00ebse n\u00eb parlament. Nj\u00eb buk\u00ebp\u00ebrmbys\u00ebs tipik q\u00eb s\u2019di \u00e7\u2019\u00ebsht\u00eb fal\u00ebnderimi!<\/p>\n<p>Pas takimeve me Mickoskin, Kasami filloi takime t\u00eb shpeshta edhe me kreun e Studeni\u00e7anit, Azem Sadiki. Pas takimeve me k\u00ebt\u00eb t\u00eb fundit, Kasami filloi veprimin dhe realizimin e disa rrug\u00ebve t\u00eb l\u00ebna nga udh\u00ebheq\u00ebsia e kaluar.<\/p>\n<p>Si duket n\u00eb k\u00ebto fillime t\u00eb Kasamit, ndikoi pik\u00ebrisht Sadiki, q\u00eb p\u00ebrdor t\u00eb nj\u00ebjt\u00ebn m\u00ebnyr\u00eb t\u00eb pun\u00ebs n\u00eb Komun\u00ebn e Studeni\u00e7anit.<\/p>\n<p>Kasami mori \u201crecet\u00ebn\u201d e Sadikit dhe n\u00eb vazhdimsi, sot promovon dhe nes\u00ebr t\u00eb nj\u00ebjt\u00ebn rrug\u00eb e rikonstruon, shembull rruga 108-t\u00eb e promovuar dit\u00eb m\u00eb par\u00eb.<\/p>\n<p>E pas asfaltimit t\u00eb disa rrug\u00ebve n\u00eb Tetov\u00eb, gjysma e m\u00eb tep\u00ebr t\u00eb l\u00ebna gati nga udh\u00ebheq\u00ebsia e kaluar, Kasamit i\u2019u rrit mendja dhe priti n\u00eb takim n\u00eb Vic\u00eb kryeministrin e Kosov\u00ebs, Albin Kurti, dhe foli p\u00ebr nj\u00eb projekt q\u00eb s\u2019ka t\u00eb b\u00ebj\u00eb fare me ingerencat e Komun\u00ebs.<\/p>\n<p>Pas takimit me Kurtin, Kasami \u00ebsht\u00eb \u201cmbi mjegulla\u201d dhe mendon se duke kopjuar Azem Sadikin me shtrimin e rrug\u00ebve me asfalt e kuba bekatoni, do t\u00eb b\u00ebhet si kryeministri i Republik\u00ebs s\u00eb Kosov\u00ebs, mir\u00ebpo t\u00eb gjith\u00eb e dijm\u00eb se sa \u00ebsht\u00eb patriot Kasami (t\u00eb njohura jan\u00eb dilemat e tij rreth identitetit t\u00eb tij komb\u00ebtar e fetar n\u00eb nj\u00eb debat televiziv ku gati se belb\u00ebzonte!) e p\u00ebr ecejaket politike t\u00eb paprincipta as q\u00eb ka nevoj\u00eb t\u00eb flitet, nj\u00ebher\u00eb shkoi me LSDM-n\u00eb p\u00ebr t\u2019u b\u00ebr\u00eb parti parlamebtare, e tash me VMRO-n\u00eb dhe me k\u00ebto veprime konstatojm\u00eb se ai m\u00eb shum\u00eb \u00ebsht\u00eb b\u00ebr\u00eb nj\u00eb kopje e zbeht\u00eb e Azemit t\u00eb Studeni\u00e7anit se sa e Albinit t\u00eb Kosov\u00ebs!<\/p>\n","protected":false},"excerpt":{"rendered":"<p>Shkruan: indeks.mk \u201cKomuna \u00ebsht\u00eb e ngulfatur n\u00eb borxhe\u201d, ky ishte arsyetimi q\u00eb Bilall Kasami e jepte para qytetar\u00ebve t\u00eb Tetov\u00ebs, pasi e mori mandatin dhe<\/p>\n","protected":false},"author":14,"featured_media":0,"comment_status":"open","ping_status":"open","sticky":false,"template":"","format":"standard","meta":{"footnotes":""},"categories":[44,47],"tags":[],"class_list":["post-15245","post","type-post","status-publish","format-standard","hentry","category-maqedoni","category-opinione"],"_links":{"self":[{"href":"https:\/\/indeks.bilten.mk\/index.php?rest_route=\/wp\/v2\/posts\/15245","targetHints":{"allow":["GET"]}}],"collection":[{"href":"https:\/\/indeks.bilten.mk\/index.php?rest_route=\/wp\/v2\/posts"}],"about":[{"href":"https:\/\/indeks.bilten.mk\/index.php?rest_route=\/wp\/v2\/types\/post"}],"author":[{"embeddable":true,"href":"https:\/\/indeks.bilten.mk\/index.php?rest_route=\/wp\/v2\/users\/14"}],"replies":[{"embeddable":true,"href":"https:\/\/indeks.bilten.mk\/index.php?rest_route=%2Fwp%2Fv2%2Fcomments&post=15245"}],"version-history":[{"count":0,"href":"https:\/\/indeks.bilten.mk\/index.php?rest_route=\/wp\/v2\/posts\/15245\/revisions"}],"wp:attachment":[{"href":"https:\/\/indeks.bilten.mk\/index.php?rest_route=%2Fwp%2Fv2%2Fmedia&parent=15245"}],"wp:term":[{"taxonomy":"category","embeddable":true,"href":"https:\/\/indeks.bilten.mk\/index.php?rest_route=%2Fwp%2Fv2%2Fcategories&post=15245"},{"taxonomy":"post_tag","embeddable":true,"href":"https:\/\/indeks.bilten.mk\/index.php?rest_route=%2Fwp%2Fv2%2Ftags&post=15245"}],"curies":[{"name":"wp","href":"https:\/\/api.w.org\/{rel}","templated":true}]}}