{"id":15248,"date":"2023-08-29T16:04:47","date_gmt":"2023-08-29T14:04:47","guid":{"rendered":"https:\/\/indeks.mk\/?p=15248"},"modified":"2023-08-29T16:05:31","modified_gmt":"2023-08-29T14:05:31","slug":"grubi-fjala-e-dhene-eshte-e-shenjte-qeveria-jep-drite-jeshile-qe-nxenesit-e-vizbegut-te-fillojne-mesimin-ne-shkollen-e-tyre-ame","status":"publish","type":"post","link":"https:\/\/indeks.bilten.mk\/?p=15248","title":{"rendered":"Grubi: Fjala e dh\u00ebn\u00eb \u00ebsht\u00eb e shenjt\u00eb, Qeveria jep drit\u00eb jeshile q\u00eb nx\u00ebn\u00ebsit e Vizbegut t\u00eb fillojn\u00eb m\u00ebsimin n\u00eb shkoll\u00ebn e tyre am\u00eb"},"content":{"rendered":"<p>Z\u00ebvend\u00ebskryeministri i par\u00eb, Artan Grubi ka njoftuar se edhe nj\u00eb premtim i madh \u00ebsht\u00eb realizuar n\u00eb t\u00ebr\u00ebsi, njofton indeks.mk<\/p>\n<p>Sipas Grubit, fjala e dh\u00ebn\u00eb \u00ebsht\u00eb e shenjt\u00eb.<\/p>\n<p>Ai n\u00ebp\u00ebrmes nj\u00eb statusi n\u00eb rrjetin social, \u201cFacebook\u201d, ka njoftuar se n\u00eb seanc\u00ebn e sotme t\u00eb Qeveris\u00eb \u00ebsht\u00eb dh\u00ebn\u00eb drit\u00eb jeshile q\u00eb nx\u00ebn\u00ebsit e Vizbegut n\u00eb komun\u00ebn e Butelit, t\u00eb fillojn\u00eb m\u00ebsimin n\u00eb shkoll\u00ebn e tyre am\u00eb.<\/p>\n<p>\u201cNj\u00eb projekt shum\u00eb modern edukativo-arsimor me nj\u00eb kapacitet p\u00ebr 300 nx\u00ebn\u00ebs dhe me t\u00eb gjitha elementet e nevojshme p\u00ebr funksionim, si n\u00eb aspektin teknik ,ashtu edhe profesional. Me finalizimin e k\u00ebtij projekti, gjeneratave t\u00eb reja u ofrojm\u00eb kushte m\u00eb t\u00eb mira p\u00ebr m\u00ebsim por nj\u00ebkoh\u00ebsisht edhe leht\u00ebsojm\u00eb pun\u00ebn e prind\u00ebrve t\u00eb cil\u00ebt m\u00eb her\u00ebt f\u00ebmij\u00ebt i kan\u00eb d\u00ebrguar n\u00eb shkolla tjera m\u00eb t\u00eb aferta. Bashk\u00eb me Jetonin dhe koleg\u00ebt ministra, punojm\u00eb q\u00eb sistemi arsimor t\u00eb vendoset n\u00eb binar\u00eb t\u00eb duhur\u201d, ka shkruar Grubi..<\/p>\n<p><iframe loading=\"lazy\" src=\"https:\/\/www.facebook.com\/plugins\/post.php?href=https%3A%2F%2Fwww.facebook.com%2FArtanGrubi%2Fposts%2Fpfbid02kuzNbSkHGJNPyZkaGnKCc3pRFaaKpzgx7ydszU4HqGmA4opGZh7k2DRoCCzcx5Dxl&#038;show_text=true&#038;width=500\" width=\"500\" height=\"461\" style=\"border:none;overflow:hidden\" scrolling=\"no\" frameborder=\"0\" allowfullscreen=\"true\" allow=\"autoplay; clipboard-write; encrypted-media; picture-in-picture; web-share\"><\/iframe><\/p>\n","protected":false},"excerpt":{"rendered":"<p>Z\u00ebvend\u00ebskryeministri i par\u00eb, Artan Grubi ka njoftuar se edhe nj\u00eb premtim i madh \u00ebsht\u00eb realizuar n\u00eb t\u00ebr\u00ebsi, njofton indeks.mk Sipas Grubit, fjala e dh\u00ebn\u00eb \u00ebsht\u00eb<\/p>\n","protected":false},"author":14,"featured_media":0,"comment_status":"open","ping_status":"open","sticky":false,"template":"","format":"standard","meta":{"footnotes":""},"categories":[44],"tags":[],"class_list":["post-15248","post","type-post","status-publish","format-standard","hentry","category-maqedoni"],"_links":{"self":[{"href":"https:\/\/indeks.bilten.mk\/index.php?rest_route=\/wp\/v2\/posts\/15248","targetHints":{"allow":["GET"]}}],"collection":[{"href":"https:\/\/indeks.bilten.mk\/index.php?rest_route=\/wp\/v2\/posts"}],"about":[{"href":"https:\/\/indeks.bilten.mk\/index.php?rest_route=\/wp\/v2\/types\/post"}],"author":[{"embeddable":true,"href":"https:\/\/indeks.bilten.mk\/index.php?rest_route=\/wp\/v2\/users\/14"}],"replies":[{"embeddable":true,"href":"https:\/\/indeks.bilten.mk\/index.php?rest_route=%2Fwp%2Fv2%2Fcomments&post=15248"}],"version-history":[{"count":0,"href":"https:\/\/indeks.bilten.mk\/index.php?rest_route=\/wp\/v2\/posts\/15248\/revisions"}],"wp:attachment":[{"href":"https:\/\/indeks.bilten.mk\/index.php?rest_route=%2Fwp%2Fv2%2Fmedia&parent=15248"}],"wp:term":[{"taxonomy":"category","embeddable":true,"href":"https:\/\/indeks.bilten.mk\/index.php?rest_route=%2Fwp%2Fv2%2Fcategories&post=15248"},{"taxonomy":"post_tag","embeddable":true,"href":"https:\/\/indeks.bilten.mk\/index.php?rest_route=%2Fwp%2Fv2%2Ftags&post=15248"}],"curies":[{"name":"wp","href":"https:\/\/api.w.org\/{rel}","templated":true}]}}