{"id":15252,"date":"2023-08-29T16:17:50","date_gmt":"2023-08-29T14:17:50","guid":{"rendered":"https:\/\/indeks.mk\/?p=15252"},"modified":"2023-08-29T16:17:50","modified_gmt":"2023-08-29T14:17:50","slug":"shaqiri-rreth-300-nxenes-te-vizbegut-nga-shtatori-do-te-ulen-ne-bankat-e-tyre-ne-shkollen-e-re","status":"publish","type":"post","link":"https:\/\/indeks.bilten.mk\/?p=15252","title":{"rendered":"Shaqiri: Rreth 300 nx\u00ebn\u00ebs t\u00eb Vizbegut nga shtatori do t\u00eb ulen n\u00eb bankat e tyre, n\u00eb shkoll\u00ebn e re"},"content":{"rendered":"<p>Ministri i Arsimit dhe Shkenc\u00ebs, Jeton Shaqiri ka njoftuar se gjat\u00eb muajit shtator nx\u00ebn\u00ebsit e Vizbegut n\u00eb Shkup do t\u00eb m\u00ebsojn\u00eb n\u00eb shkoll\u00ebn e tyre.<\/p>\n<p>Gjithashtu, Shaqiri ka njoftuar se kjo shkoll\u00eb e bukur, moderne, n\u00eb faz\u00ebn finale nd\u00ebrtimore dhe me shum\u00eb g\u00ebzim do i pret nx\u00ebn\u00ebsit e par\u00eb shum\u00eb shpejt\u00eb.<\/p>\n<p>Shton se sot kjo shkoll\u00eb mori drit\u00eb jeshile edhe nga Qeveria, njofton indeks.mk.<\/p>\n<p>P\u00ebr realizimin e k\u00ebtij projekti, Shaqiri ka th\u00ebn\u00eb se ndjehet tep\u00ebr i lumtur dhe ka fal\u00ebnderuar n\u00eb ve\u00e7anti, z\u00ebvend\u00ebskryeministrin e par\u00eb t\u00eb vendit, Artan Grubi.<\/p>\n<p>\u201cShkolla do t\u00eb filloj me procesin edukativo arsimor duke i ulur n\u00eb bankat shkollore rreth 300 nx\u00ebn\u00ebs, q\u00eb duksh\u00ebm do ta leht\u00ebsoj funksionimin e prind\u00ebrve t\u00eb k\u00ebsaj lagjeje t\u00eb cil\u00ebt deri tani i kan\u00eb d\u00ebrguar f\u00ebmij\u00ebt e tyre n\u00eb shkollat tjera n\u00eb lagjet fqinje.  Po, jam krenar q\u00eb mbaj vul\u00ebn e shkoll\u00ebs n\u00eb Vizbeg bashk\u00eb me t\u00eb gjith\u00eb shok\u00ebt qeveritar q\u00eb ndihmuan k\u00ebt\u00eb proces t\u00eb vij\u00eb deri n\u00eb finale q\u00eb nga iniciativa dhe k\u00ebmb\u00ebngulja e vazhdueshme e ZKPM z. Artan Grubi p\u00ebr tu mbaruar ky projekt\u201d, ka shkruar Shaqiri.\/indeks.mk\/<\/p>\n<p><iframe loading=\"lazy\" src=\"https:\/\/www.facebook.com\/plugins\/post.php?href=https%3A%2F%2Fwww.facebook.com%2Fjetonshaqirii%2Fposts%2Fpfbid0GQSVaqZiQqWYDdWd4gfkhdduXcry2AFVjd6xv3NQRH19ajeBfTHUfWWkJt8MQus4l&#038;show_text=true&#038;width=500\" width=\"500\" height=\"458\" style=\"border:none;overflow:hidden\" scrolling=\"no\" frameborder=\"0\" allowfullscreen=\"true\" allow=\"autoplay; clipboard-write; encrypted-media; picture-in-picture; web-share\"><\/iframe><\/p>\n","protected":false},"excerpt":{"rendered":"<p>Ministri i Arsimit dhe Shkenc\u00ebs, Jeton Shaqiri ka njoftuar se gjat\u00eb muajit shtator nx\u00ebn\u00ebsit e Vizbegut n\u00eb Shkup do t\u00eb m\u00ebsojn\u00eb n\u00eb shkoll\u00ebn e tyre.<\/p>\n","protected":false},"author":14,"featured_media":0,"comment_status":"open","ping_status":"open","sticky":false,"template":"","format":"standard","meta":{"footnotes":""},"categories":[44],"tags":[],"class_list":["post-15252","post","type-post","status-publish","format-standard","hentry","category-maqedoni"],"_links":{"self":[{"href":"https:\/\/indeks.bilten.mk\/index.php?rest_route=\/wp\/v2\/posts\/15252","targetHints":{"allow":["GET"]}}],"collection":[{"href":"https:\/\/indeks.bilten.mk\/index.php?rest_route=\/wp\/v2\/posts"}],"about":[{"href":"https:\/\/indeks.bilten.mk\/index.php?rest_route=\/wp\/v2\/types\/post"}],"author":[{"embeddable":true,"href":"https:\/\/indeks.bilten.mk\/index.php?rest_route=\/wp\/v2\/users\/14"}],"replies":[{"embeddable":true,"href":"https:\/\/indeks.bilten.mk\/index.php?rest_route=%2Fwp%2Fv2%2Fcomments&post=15252"}],"version-history":[{"count":0,"href":"https:\/\/indeks.bilten.mk\/index.php?rest_route=\/wp\/v2\/posts\/15252\/revisions"}],"wp:attachment":[{"href":"https:\/\/indeks.bilten.mk\/index.php?rest_route=%2Fwp%2Fv2%2Fmedia&parent=15252"}],"wp:term":[{"taxonomy":"category","embeddable":true,"href":"https:\/\/indeks.bilten.mk\/index.php?rest_route=%2Fwp%2Fv2%2Fcategories&post=15252"},{"taxonomy":"post_tag","embeddable":true,"href":"https:\/\/indeks.bilten.mk\/index.php?rest_route=%2Fwp%2Fv2%2Ftags&post=15252"}],"curies":[{"name":"wp","href":"https:\/\/api.w.org\/{rel}","templated":true}]}}