{"id":15256,"date":"2023-08-29T21:55:06","date_gmt":"2023-08-29T19:55:06","guid":{"rendered":"https:\/\/indeks.mk\/?p=15256"},"modified":"2023-08-29T21:55:06","modified_gmt":"2023-08-29T19:55:06","slug":"grubi-me-kosoven-me-lidh-puna-miqesite-projektet-e-perbashketa-por-edhe-familjaret-qe-i-kam-ketu","status":"publish","type":"post","link":"https:\/\/indeks.bilten.mk\/?p=15256","title":{"rendered":"Grubi: Me Kosov\u00ebn m\u00eb lidh puna, miq\u00ebsit\u00eb, projektet e p\u00ebrbashk\u00ebta por edhe familjar\u00ebt q\u00eb i kam k\u00ebtu"},"content":{"rendered":"<p>Z\u00ebvend\u00ebskryeministri i par\u00eb, Artan Grubi i ftuar n\u00eb emisionon 21 grad\u00eb n\u00eb Rtv21, deklaroi se me Kosov\u00ebn p\u00ebrve\u00e7 pun\u00ebs e lidh dhe familja q\u00eb ai ka n\u00eb Kosov\u00eb, e poashtu dhe miq\u00ebsit\u00eb e krijuara nd\u00ebr vite.<\/p>\n<p>\u201cVi shpesh n\u00eb Kosov\u00eb, p\u00ebr arsye pun\u00eb, familjare por fundja jemi nj\u00eb. S\u00eb shpejti do e kemi dhe One Stop Shop dhe do lidhemi ashtu si\u00e7 duhet t\u00eb jemi t\u00eb bashkuar, Shkupi, Tirana dhe Prishtina. Kam qen\u00eb dhe n\u00eb promovimin e albumit t\u00eb Ledrit k\u00ebtu n\u00eb Prishtin\u00eb m\u00eb t\u00eb cilin tashm\u00eb kam dhe raporte miq\u00ebsore. Kam p\u00ebrdorur k\u00ebng\u00ebn e Ledrit \u201cSRMN\u201d p\u00ebr fushat\u00eb dhe ne e fituam at\u00eb fushat\u00eb, duke ju th\u00ebn\u00eb partiv\u00eb politik\u00eb q\u00eb synon politik\u00eb monoetnike maqedonas\u00eb se pa ne nuk b\u00ebjn\u00eb gj\u00eb. Kemi sjellur risi n\u00eb sken\u00ebn politike shqiptare, ndaj BDI sot ka edhe imazhin e luft\u00ebs s\u00eb lavdishme t\u00eb UCK-s\u00eb, e poashtu edhe imazhin e rinis\u00eb me k\u00ebng\u00eb p\u00ebr t\u00eb rinj\u00eb\u201d, tha Grubi.<\/p>\n","protected":false},"excerpt":{"rendered":"<p>Z\u00ebvend\u00ebskryeministri i par\u00eb, Artan Grubi i ftuar n\u00eb emisionon 21 grad\u00eb n\u00eb Rtv21, deklaroi se me Kosov\u00ebn p\u00ebrve\u00e7 pun\u00ebs e lidh dhe familja q\u00eb ai<\/p>\n","protected":false},"author":14,"featured_media":0,"comment_status":"open","ping_status":"open","sticky":false,"template":"","format":"standard","meta":{"footnotes":""},"categories":[44],"tags":[],"class_list":["post-15256","post","type-post","status-publish","format-standard","hentry","category-maqedoni"],"_links":{"self":[{"href":"https:\/\/indeks.bilten.mk\/index.php?rest_route=\/wp\/v2\/posts\/15256","targetHints":{"allow":["GET"]}}],"collection":[{"href":"https:\/\/indeks.bilten.mk\/index.php?rest_route=\/wp\/v2\/posts"}],"about":[{"href":"https:\/\/indeks.bilten.mk\/index.php?rest_route=\/wp\/v2\/types\/post"}],"author":[{"embeddable":true,"href":"https:\/\/indeks.bilten.mk\/index.php?rest_route=\/wp\/v2\/users\/14"}],"replies":[{"embeddable":true,"href":"https:\/\/indeks.bilten.mk\/index.php?rest_route=%2Fwp%2Fv2%2Fcomments&post=15256"}],"version-history":[{"count":0,"href":"https:\/\/indeks.bilten.mk\/index.php?rest_route=\/wp\/v2\/posts\/15256\/revisions"}],"wp:attachment":[{"href":"https:\/\/indeks.bilten.mk\/index.php?rest_route=%2Fwp%2Fv2%2Fmedia&parent=15256"}],"wp:term":[{"taxonomy":"category","embeddable":true,"href":"https:\/\/indeks.bilten.mk\/index.php?rest_route=%2Fwp%2Fv2%2Fcategories&post=15256"},{"taxonomy":"post_tag","embeddable":true,"href":"https:\/\/indeks.bilten.mk\/index.php?rest_route=%2Fwp%2Fv2%2Ftags&post=15256"}],"curies":[{"name":"wp","href":"https:\/\/api.w.org\/{rel}","templated":true}]}}