{"id":15263,"date":"2023-08-29T22:14:45","date_gmt":"2023-08-29T20:14:45","guid":{"rendered":"https:\/\/indeks.mk\/?p=15263"},"modified":"2023-08-29T22:14:45","modified_gmt":"2023-08-29T20:14:45","slug":"grubi-ne-rtv21-me-ngjarjet-peace-forum-dialogue-dhe-peace-festival-shenuam-22-vjetorin-e-marreveshjes-paqesore-te-ohrit","status":"publish","type":"post","link":"https:\/\/indeks.bilten.mk\/?p=15263","title":{"rendered":"Grubi n\u00eb Rtv21: Me ngjarjet &#8220;Peace Forum Dialogue&#8221; dhe &#8220;Peace Festival&#8221; sh\u00ebnuam 22 vjetorin e Marr\u00ebveshjes paq\u00ebsore t\u00eb Ohrit"},"content":{"rendered":"<p>Z\u00ebvend\u00ebskryeministri i par\u00eb, Artan Grubi i ftuar n\u00eb emisionon 21 grad\u00eb n\u00eb Rtv21, u shpreh se ideja p\u00ebr organizimin e ngjarjen Peace Festival erdhi si ide q\u00eb rinia t\u00eb njihet me vlerat dhe arritjen e Marr\u00ebveshjes s\u00eb Ohrit.<\/p>\n<p>\u201cIdeja p\u00ebr Peace Festival por edhe aktivitetet e tjera si Shkolla p\u00ebr Lider\u00eb t\u00eb Rinj erdhi si ide q\u00eb t\u00eb rinjt\u00eb t\u00eb njoftohen me vlerat dhe arritjet e Marr\u00ebveshjes s\u00eb Ohrit. N\u00ebp\u00ebrmjet sondazheve t\u00eb ndryshme pam\u00eb q\u00eb \u00ebsht\u00eb m\u00eb mir\u00eb t\u00eb organizojm\u00eb aktivitete q\u00eb do tu p\u00ebrshtateshin t\u00eb rinjve t\u00eb m\u00ebsonin p\u00ebr vler\u00ebn e Marr\u00ebveshjes s\u00eb Ohrit ndaj erdh\u00ebn n\u00eb Shkup emrat e muzik\u00ebs modern si: Bardhi, Tuna, Mc Kresha, Lyrical Son, Ledri, dhe Noizy. Si dhe organizuam shkoll\u00ebn p\u00ebr lider t\u00eb rinj ku ishin pjesmarr\u00ebs tek 80 rinj, t\u00eb cil\u00ebve iu ndan edhe \u00e7ertifikata. Ajo Marr\u00ebveshje e cila u n\u00ebnshkrua n\u00eb vitin 2001 sot po m\u00ebsohet dhe kujtohet nga t\u00eb gjitha gjeneratat. Kemi rini, kemi infrastruktur\u00eb te nevojshme, ndaj ne nuk do t\u00eb ndalemi me projekte t\u00eb reja dhe aktivitete t\u00eb p\u00ebrbashk\u00ebta&#8221; u shpreh Grubi. <\/p>\n","protected":false},"excerpt":{"rendered":"<p>Z\u00ebvend\u00ebskryeministri i par\u00eb, Artan Grubi i ftuar n\u00eb emisionon 21 grad\u00eb n\u00eb Rtv21, u shpreh se ideja p\u00ebr organizimin e ngjarjen Peace Festival erdhi si<\/p>\n","protected":false},"author":14,"featured_media":0,"comment_status":"open","ping_status":"open","sticky":false,"template":"","format":"standard","meta":{"footnotes":""},"categories":[44],"tags":[],"class_list":["post-15263","post","type-post","status-publish","format-standard","hentry","category-maqedoni"],"_links":{"self":[{"href":"https:\/\/indeks.bilten.mk\/index.php?rest_route=\/wp\/v2\/posts\/15263","targetHints":{"allow":["GET"]}}],"collection":[{"href":"https:\/\/indeks.bilten.mk\/index.php?rest_route=\/wp\/v2\/posts"}],"about":[{"href":"https:\/\/indeks.bilten.mk\/index.php?rest_route=\/wp\/v2\/types\/post"}],"author":[{"embeddable":true,"href":"https:\/\/indeks.bilten.mk\/index.php?rest_route=\/wp\/v2\/users\/14"}],"replies":[{"embeddable":true,"href":"https:\/\/indeks.bilten.mk\/index.php?rest_route=%2Fwp%2Fv2%2Fcomments&post=15263"}],"version-history":[{"count":0,"href":"https:\/\/indeks.bilten.mk\/index.php?rest_route=\/wp\/v2\/posts\/15263\/revisions"}],"wp:attachment":[{"href":"https:\/\/indeks.bilten.mk\/index.php?rest_route=%2Fwp%2Fv2%2Fmedia&parent=15263"}],"wp:term":[{"taxonomy":"category","embeddable":true,"href":"https:\/\/indeks.bilten.mk\/index.php?rest_route=%2Fwp%2Fv2%2Fcategories&post=15263"},{"taxonomy":"post_tag","embeddable":true,"href":"https:\/\/indeks.bilten.mk\/index.php?rest_route=%2Fwp%2Fv2%2Ftags&post=15263"}],"curies":[{"name":"wp","href":"https:\/\/api.w.org\/{rel}","templated":true}]}}