{"id":15266,"date":"2023-08-29T22:33:25","date_gmt":"2023-08-29T20:33:25","guid":{"rendered":"https:\/\/indeks.mk\/?p=15266"},"modified":"2023-08-29T22:33:43","modified_gmt":"2023-08-29T20:33:43","slug":"grubi-maqedonia-e-veriut-dhe-kosova-kane-raporte-te-mira-shteterore-na-bashkojne-projektet-qe-realizojme-per-qytetaret-tane","status":"publish","type":"post","link":"https:\/\/indeks.bilten.mk\/?p=15266","title":{"rendered":"Grubi: Maqedonia e Veriut dhe Kosova kan\u00eb raporte t\u00eb mira shtet\u00ebrore, na bashkojn\u00eb projektet q\u00eb realizojm\u00eb p\u00ebr qytetar\u00ebt tan\u00eb"},"content":{"rendered":"<p>Z\u00ebvend\u00ebskryeministri i par\u00eb, Artan Grubi i ftuar n\u00eb emisionon 21 grad\u00eb n\u00eb Rtv21, deklaroi se Kosova dhe Maqedonia e Veriut g\u00ebzojn\u00eb raporte t\u00eb mira shtet\u00ebrore-institucionale, ndaj dhe s\u00eb bashku po planifikojn\u00eb dhe realizimin e disa projekteve t\u00eb p\u00ebrbashk\u00ebta n\u00eb t\u00eb mir\u00eb t\u00eb qytetar\u00ebve. <\/p>\n<p>\u201cNa ka m\u00ebsuar z.Ahmeti q\u00eb raportet shtet me shtet t\u2019i mbajm\u00eb institucionalisht e jo p\u00ebrmes partive apo politikan\u00ebve t\u00eb caktuar t\u00eb nd\u00ebrhyjm\u00eb n\u00eb procese zgjedhore n\u00eb Kosov\u00eb apo Shqip\u00ebri. Mir\u00ebpo, nga Kosova ka pasur nd\u00ebrhyrje n\u00eb Maqedoni pothuajse gjithmon\u00eb. Vizita e z.Albin Kurti n\u00eb Maqedonin\u00eb e Veriut u keqp\u00ebrdor nga partit\u00eb e vogla me nga 1 ose 2 deputet\u00eb ose th\u00ebn\u00eb ndryshe parti n\u00eb tentativ\u00eb. Qeveria jon\u00eb s\u00eb bashku me at\u00eb t\u00eb Kosov\u00ebs do t\u00eb realizojn\u00eb projekte t\u00eb p\u00ebrbashk\u00ebta qoft\u00eb projekti One Stop Shop, apo rruga Tetov\u00eb-Prizren, sepse projektet i realizojn\u00eb qeverit\u00eb dhe jo dikush tjet\u00ebr\u201d, deklaroi Grubi. <\/p>\n","protected":false},"excerpt":{"rendered":"<p>Z\u00ebvend\u00ebskryeministri i par\u00eb, Artan Grubi i ftuar n\u00eb emisionon 21 grad\u00eb n\u00eb Rtv21, deklaroi se Kosova dhe Maqedonia e Veriut g\u00ebzojn\u00eb raporte t\u00eb mira shtet\u00ebrore-institucionale,<\/p>\n","protected":false},"author":14,"featured_media":0,"comment_status":"open","ping_status":"open","sticky":false,"template":"","format":"standard","meta":{"footnotes":""},"categories":[44],"tags":[],"class_list":["post-15266","post","type-post","status-publish","format-standard","hentry","category-maqedoni"],"_links":{"self":[{"href":"https:\/\/indeks.bilten.mk\/index.php?rest_route=\/wp\/v2\/posts\/15266","targetHints":{"allow":["GET"]}}],"collection":[{"href":"https:\/\/indeks.bilten.mk\/index.php?rest_route=\/wp\/v2\/posts"}],"about":[{"href":"https:\/\/indeks.bilten.mk\/index.php?rest_route=\/wp\/v2\/types\/post"}],"author":[{"embeddable":true,"href":"https:\/\/indeks.bilten.mk\/index.php?rest_route=\/wp\/v2\/users\/14"}],"replies":[{"embeddable":true,"href":"https:\/\/indeks.bilten.mk\/index.php?rest_route=%2Fwp%2Fv2%2Fcomments&post=15266"}],"version-history":[{"count":0,"href":"https:\/\/indeks.bilten.mk\/index.php?rest_route=\/wp\/v2\/posts\/15266\/revisions"}],"wp:attachment":[{"href":"https:\/\/indeks.bilten.mk\/index.php?rest_route=%2Fwp%2Fv2%2Fmedia&parent=15266"}],"wp:term":[{"taxonomy":"category","embeddable":true,"href":"https:\/\/indeks.bilten.mk\/index.php?rest_route=%2Fwp%2Fv2%2Fcategories&post=15266"},{"taxonomy":"post_tag","embeddable":true,"href":"https:\/\/indeks.bilten.mk\/index.php?rest_route=%2Fwp%2Fv2%2Ftags&post=15266"}],"curies":[{"name":"wp","href":"https:\/\/api.w.org\/{rel}","templated":true}]}}